{"id":108288,"date":"2022-05-18T15:32:35","date_gmt":"2022-05-18T13:32:35","guid":{"rendered":"https:\/\/www.messinaoggi.it\/website\/2022\/05\/18\/universita-e-istituto-penale-per-i-minorenni-di-palermo-firmano-accordo\/"},"modified":"2022-05-18T15:32:35","modified_gmt":"2022-05-18T13:32:35","slug":"universita-e-istituto-penale-per-i-minorenni-di-palermo-firmano-accordo","status":"publish","type":"post","link":"https:\/\/www.messinaoggi.it\/website\/2022\/05\/18\/universita-e-istituto-penale-per-i-minorenni-di-palermo-firmano-accordo\/","title":{"rendered":"Universit\u00e0 e Istituto Penale per i Minorenni di Palermo firmano accordo"},"content":{"rendered":"<div>\n<p>PALERMO (ITALPRESS) \u2013 Il rettore dell\u2019Universit\u00e0 degli Studi di Palermo, Massimo Midiri, e la Direttrice dell\u2019Istituto penale per i Minorenni di Palermo, Clara Pangaro, hanno siglato un accordo quadro per la realizzazione di attivit\u00e0 socio-culturali volte a promuovere la cultura del libro, l\u2019integrazione con le biblioteche del territorio e l\u2019ampliamento dell\u2019offerta a nuovi target di utenza.<br \/>La firma \u00e8 avvenuta alla presenza del Delegato del Rettore al Sistema bibliotecario di Ateneo, Alfredo Casamento, della Responsabile del Sistema bibliotecario e Archivio storico di Ateneo, Maria Stella Castiglia e del funzionario della professionalit\u00e0 pedagogica quale referente della biblioteca dell\u2019Istituto Penale per i Minorenni di Palermo, Myriam Barrale.<br \/>\u201cCon la stipula di questo accordo quadro UniPa intende promuovere la cultura della lettura in ambito penale minorile attraverso lo sviluppo della biblioteca penitenziaria \u2013 commenta il rettore, Massimo Midiri \u2013 Con questo partenariato avviamo una proficua e duratura collaborazione con l\u2019Istituto Penale per Minorenni con annesso Centro di Prima Accoglienza di Palermo. La sinergia fra le due istituzioni si inserisce nel solco delle politiche della Terza Missione e di azioni gi\u00e0 intraprese dall\u2019Ateneo, come la realizzazione di Poli universitari penitenziari in Sicilia, per consentire ai detenuti e ai soggetti in esecuzione penale esterna il conseguimento di titoli di studio universitari\u201d.<br \/>\u201cLa promozione della cultura e dell\u2019educazione alla lettura rivestono una importanza centrale nella formazione di un completo e armonico sviluppo della personalit\u00e0 dei giovani \u2013 dichiara il Direttore dell\u2019Istituto Penale, Clara Pangaro \u2013 Questo accordo costituisce un concreto impegno per mettere in campo azioni e risorse volte a implementare progetti di cooperazione e collaborazione istituzionale per favorire l\u2019integrazione dei soggetti svantaggiati e offrire nuove opportunit\u00e0 di inserimento sociale per la costruzione di un futuro diverso\u201d. <br \/>Il Servizio Speciale Sistema bibliotecario e Archivio storico di Ateneo, \u00e8 stato individuato quale struttura interessata e coinvolta in attivit\u00e0 di Terza missione finalizzate alla promozione di attivit\u00e0 di educazione alla lettura che favoriscano lo scambio e il confronto fra lettori di diversa et\u00e0 e appartenenti a contesti culturali differenti; alla diffusione della conoscenza delle biblioteche e alla promozione dei servizi da esse offerti; all\u2019alfabetizzazione all\u2019uso consapevole delle risorse e dei servizi offerti dalle biblioteche; all\u2019offerta di servizi di consulenza per la gestione efficace delle biblioteche, anche favorendo la creazione di reti con il territorio; alla proposta di brevi percorsi formativi di base sulle tecniche di catalogazione dei volumi per avviare l\u2019attivit\u00e0 della biblioteca.<br \/>Le singole attivit\u00e0 da realizzare saranno oggetto di appositi Accordi attuativi, favorendo lo sviluppo della biblioteca carceraria (potenziamento della raccolta documentaria e dei servizi), con il coinvolgimento del personale bibliotecario, che svolger\u00e0 attivit\u00e0 di promozione e di educazione alla lettura.<div id=\"div-gpt-ad-Messinaoggi.it-DSK-300x250-corpoart\" style=\"text-align:center;margin:0 auto;\"><\/div><\/p>\n<p>foto ufficio stampa Universit\u00e0 Palermo<br \/>(ITALPRESS).<div id=\"videoincontent\" style=\"clear:both\";><\/div><\/p>\n<\/div>\n","protected":false},"excerpt":{"rendered":"<p>PALERMO (ITALPRESS) \u2013 Il rettore dell\u2019Universit\u00e0 degli Studi di Palermo, Massimo Midiri, e la Direttrice dell\u2019Istituto penale per i Minorenni di Palermo, Clara Pangaro, hanno siglato un accordo quadro per la realizzazione di attivit\u00e0 socio-culturali volte a promuovere la cultura del libro, l\u2019integrazione con le biblioteche del territorio e l\u2019ampliamento dell\u2019offerta a nuovi target di [&hellip;]<\/p>\n","protected":false},"author":18,"featured_media":108289,"comment_status":"closed","ping_status":"closed","sticky":false,"template":"","format":"standard","meta":{"ub_ctt_via":"","_mi_skip_tracking":false},"categories":[2449],"tags":[783],"featured_image_src":"https:\/\/www.messinaoggi.it\/website\/wp-content\/uploads\/2022\/05\/20220518_1357.jpg","author_info":{"display_name":"Admin","author_link":"https:\/\/www.messinaoggi.it\/website\/author\/admin\/"},"digistream_id":0,"digistream":false,"_links":{"self":[{"href":"https:\/\/www.messinaoggi.it\/website\/wp-json\/wp\/v2\/posts\/108288"}],"collection":[{"href":"https:\/\/www.messinaoggi.it\/website\/wp-json\/wp\/v2\/posts"}],"about":[{"href":"https:\/\/www.messinaoggi.it\/website\/wp-json\/wp\/v2\/types\/post"}],"author":[{"embeddable":true,"href":"https:\/\/www.messinaoggi.it\/website\/wp-json\/wp\/v2\/users\/18"}],"replies":[{"embeddable":true,"href":"https:\/\/www.messinaoggi.it\/website\/wp-json\/wp\/v2\/comments?post=108288"}],"version-history":[{"count":0,"href":"https:\/\/www.messinaoggi.it\/website\/wp-json\/wp\/v2\/posts\/108288\/revisions"}],"wp:featuredmedia":[{"embeddable":true,"href":"https:\/\/www.messinaoggi.it\/website\/wp-json\/wp\/v2\/media\/108289"}],"wp:attachment":[{"href":"https:\/\/www.messinaoggi.it\/website\/wp-json\/wp\/v2\/media?parent=108288"}],"wp:term":[{"taxonomy":"category","embeddable":true,"href":"https:\/\/www.messinaoggi.it\/website\/wp-json\/wp\/v2\/categories?post=108288"},{"taxonomy":"post_tag","embeddable":true,"href":"https:\/\/www.messinaoggi.it\/website\/wp-json\/wp\/v2\/tags?post=108288"}],"curies":[{"name":"wp","href":"https:\/\/api.w.org\/{rel}","templated":true}]}}