{"id":108274,"date":"2022-05-18T13:32:34","date_gmt":"2022-05-18T11:32:34","guid":{"rendered":"https:\/\/www.messinaoggi.it\/website\/2022\/05\/18\/confcommercio-vince-battaglia-a-tutela-dei-commercianti-di-bagheria\/"},"modified":"2022-05-18T13:32:34","modified_gmt":"2022-05-18T11:32:34","slug":"confcommercio-vince-battaglia-a-tutela-dei-commercianti-di-bagheria","status":"publish","type":"post","link":"https:\/\/www.messinaoggi.it\/website\/2022\/05\/18\/confcommercio-vince-battaglia-a-tutela-dei-commercianti-di-bagheria\/","title":{"rendered":"Confcommercio vince battaglia a tutela dei commercianti di Bagheria"},"content":{"rendered":"<div>\n<p>PALERMO (ITALPRESS) \u2013 Confcommercio Palermo ha vinto la sua battaglia sul territorio di Bagheria, tutelando i legittimi diritti dei commercianti del Comune che erano stati costretti per decine di domeniche a tenere chiusi i loro esercizi commerciali (negozi di generi alimentari, macellerie, supermercati) per effetto di una ordinanza sindacale del 6 giugno 2020, motivata a suo tempo con la necessit\u00e0 di ridurre i rischi di diffusione del Covid.<br \/>Dopo che la seconda sezione del Tar di Palermo aveva accolto nelle scorse settimane il ricorso presentato da Confcommercio Palermo e dalla ditta Alioto, una delle tante imprese private penalizzate dalla decisione del sindaco, \u00e8 arrivata ora la comunicazione della Prefettura: il provvedimento \u00e8 stato revocato dal Comune di Bagheria <br \/>Quella ordinanza era stata reiterata pi\u00f9 volte (con l\u2019eccezione di alcune domeniche nei periodi di Pasqua e Natale) nonostante non fosse pi\u00f9 in alcun modo giustificata in seguito al miglioramento della situazione epidemiologica, tanto \u00e8 vero che a livello nazionale erano gi\u00e0 state eliminate le restrizionI dovute alla situazione sanitaria: per questo motivo Confcommercio Palermo ha prima presentato una istanza di revoca e successivamente, vista la perdurante assenza di riscontro da parte del sindaco, ha fatto ricorso al Tar, assistita dagli avvocati Alessandro Palmigiano e Ornella Sarcuto, per salvaguardare gli interessi dei commercianti che hanno sub\u00ecto ingenti danni economici oltre al rischio di sviamento della clientela abituale, visto che soltanto a Bagheria vigeva il divieto di apertura domenicale.<br \/>\u201cIl Tar, presieduto da Nicola Maisano, aveva disposto l\u201911 marzo scorso che il sindaco di Bagheria, entro trenta giorni, avrebbe dovuto prendere in esame l\u2019istanza di revoca con un provvedimento espresso e motivato e che in caso di perdurante inerzia sarebbe stato nominato un commissario ad acta entro trenta giorni. <br \/>Adesso l\u2019epilogo della vicenda che permette di ripristinare i normali orari di apertura e chiusura dei negozi a Bagheria. Il Comune \u00e8 stato condannato al pagamento delle spese\u201d, si legge nella nota. <br \/>\u201cEra doveroso schierarci al fianco dei commercianti bagheresi che hanno dovuto subire, unici in Italia, gli effetti di un provvedimento che non aveva pi\u00f9 alcun fondamento e che ha aggravato una situazione gi\u00e0 resa difficile dalla crisi economica e sanitaria\u201d, ha commentato Patrizia Di Dio, presidente di Confcommercio Palermo. <div id=\"div-gpt-ad-Messinaoggi.it-DSK-300x250-corpoart\" style=\"text-align:center;margin:0 auto;\"><\/div><\/p>\n<p>Photo credit: agenziafotogramma.it<br \/>(ITALPRESS).<div id=\"videoincontent\" style=\"clear:both\";><\/div><\/p>\n<\/div>\n","protected":false},"excerpt":{"rendered":"<p>PALERMO (ITALPRESS) \u2013 Confcommercio Palermo ha vinto la sua battaglia sul territorio di Bagheria, tutelando i legittimi diritti dei commercianti del Comune che erano stati costretti per decine di domeniche a tenere chiusi i loro esercizi commerciali (negozi di generi alimentari, macellerie, supermercati) per effetto di una ordinanza sindacale del 6 giugno 2020, motivata a [&hellip;]<\/p>\n","protected":false},"author":18,"featured_media":108275,"comment_status":"closed","ping_status":"closed","sticky":false,"template":"","format":"standard","meta":{"ub_ctt_via":"","_mi_skip_tracking":false},"categories":[2449],"tags":[783],"featured_image_src":"https:\/\/www.messinaoggi.it\/website\/wp-content\/uploads\/2022\/05\/20220518_0846.jpg","author_info":{"display_name":"Admin","author_link":"https:\/\/www.messinaoggi.it\/website\/author\/admin\/"},"digistream_id":0,"digistream":false,"_links":{"self":[{"href":"https:\/\/www.messinaoggi.it\/website\/wp-json\/wp\/v2\/posts\/108274"}],"collection":[{"href":"https:\/\/www.messinaoggi.it\/website\/wp-json\/wp\/v2\/posts"}],"about":[{"href":"https:\/\/www.messinaoggi.it\/website\/wp-json\/wp\/v2\/types\/post"}],"author":[{"embeddable":true,"href":"https:\/\/www.messinaoggi.it\/website\/wp-json\/wp\/v2\/users\/18"}],"replies":[{"embeddable":true,"href":"https:\/\/www.messinaoggi.it\/website\/wp-json\/wp\/v2\/comments?post=108274"}],"version-history":[{"count":0,"href":"https:\/\/www.messinaoggi.it\/website\/wp-json\/wp\/v2\/posts\/108274\/revisions"}],"wp:featuredmedia":[{"embeddable":true,"href":"https:\/\/www.messinaoggi.it\/website\/wp-json\/wp\/v2\/media\/108275"}],"wp:attachment":[{"href":"https:\/\/www.messinaoggi.it\/website\/wp-json\/wp\/v2\/media?parent=108274"}],"wp:term":[{"taxonomy":"category","embeddable":true,"href":"https:\/\/www.messinaoggi.it\/website\/wp-json\/wp\/v2\/categories?post=108274"},{"taxonomy":"post_tag","embeddable":true,"href":"https:\/\/www.messinaoggi.it\/website\/wp-json\/wp\/v2\/tags?post=108274"}],"curies":[{"name":"wp","href":"https:\/\/api.w.org\/{rel}","templated":true}]}}