{"id":108260,"date":"2022-05-18T10:02:33","date_gmt":"2022-05-18T08:02:33","guid":{"rendered":"https:\/\/www.messinaoggi.it\/website\/2022\/05\/18\/mogol-incontra-i-ragazzi-detenuti-al-malaspina-di-palermo\/"},"modified":"2022-05-18T10:02:33","modified_gmt":"2022-05-18T08:02:33","slug":"mogol-incontra-i-ragazzi-detenuti-al-malaspina-di-palermo","status":"publish","type":"post","link":"https:\/\/www.messinaoggi.it\/website\/2022\/05\/18\/mogol-incontra-i-ragazzi-detenuti-al-malaspina-di-palermo\/","title":{"rendered":"Mogol incontra i ragazzi detenuti al Malaspina di Palermo"},"content":{"rendered":"<div>\n<p>PALERMO (ITALPRESS) \u2013 Incontro tra Mogol e i ragazzi detenuti al Malaspina: il pi\u00f9 grande autore italiano di canzoni, marted\u00ec pomeriggio si \u00e8 recato nell\u2019Istituto penale per i Minori di Palermo, dove, insieme all\u2019assessore regionale dei Beni Culturali e dell\u2019Identit\u00e0 Siciliana, Alberto Samon\u00e0, per oltre un\u2019ora e mezza, si \u00e8 intrattenuto con i giovani del Malaspina, accompagnati dalla Direttrice dell\u2019Istituto Clara Pangaro.<br \/>\nOspite del teatro della struttura penitenziaria, Mogol ha raccontato ai ragazzi il percorso che lo ha portato a diventare autore di canzoni, soffermandosi sul periodo in cui era ancora un bambino e poi un adolescente e su come le scelte fatte allora hanno segnato tutta la propria vita.<br \/>\nLa direttrice Clara Pangaro ha illustrato al Maestro Mogol il percorso compiuto insieme ai ragazzi detenuti, che nei mesi scorsi hanno preso parte al progetto \u201cDillo con una canzone\u201d, promosso dall\u2019associazione Rock10elode presieduta da Gianni Zichichi, presente all\u2019incontro, insieme al personale dell\u2019area educativa e di Polizia Penitenziaria, insieme ad altri operatori e assistenti sociali che lavorano nell\u2019istituto.<br \/>\nQuindi, \u00e8 stato proiettato il video del brano \u201cFiori dal nulla\u201d, risultato del progetto \u201cMusica in libert\u00e0\u201d avviato lo scorso anno e uno dei ragazzi detenuti ha cantato un brano scritto da lui stesso, mentre altri ragazzi hanno letto ad alta voce un mix di testi di grandi successi del duo Battisti\/Mogol. Nel corso dell\u2019incontro, sono stati fatti ascoltare anche un paio di brani di grande successo scritti da Mogol, di cui il Maestro ha illustrato il significato.<br \/>\nUna visita toccante, nella quale si \u00e8 parlato tanto di musica, ma anche di futuro e di come questo vada costruito a partire dalle scelte di ciascuno.<br \/>\n\u201cL\u2019incontro fra Giulio Mogol e i ragazzi del Malaspina \u00e8 stato un momento particolarmente toccante e significativo \u2013 sottolinea l\u2019assessore regionale dei Beni Culturali e dell\u2019Identit\u00e0 Siciliana, Alberto Samon\u00e0 \u2013 per le parole adoperate dal Maestro che ha incitato i giovani detenuti a credere in se stessi, facendo tesoro degli errori compiuti per migliorarsi e per l\u2019emozione che ha suscitato in ciascuno dei presenti\u201d.<div id=\"div-gpt-ad-Messinaoggi.it-DSK-300x250-corpoart\" style=\"text-align:center;margin:0 auto;\"><\/div><\/p>\n<p>\u2013 foto: Ufficio stampa assessorato BB.CC. Regione Siciliana<div id=\"videoincontent\" style=\"clear:both\";><\/div><\/p>\n<p>(ITALPRESS).<\/p>\n<\/div>\n","protected":false},"excerpt":{"rendered":"<p>PALERMO (ITALPRESS) \u2013 Incontro tra Mogol e i ragazzi detenuti al Malaspina: il pi\u00f9 grande autore italiano di canzoni, marted\u00ec pomeriggio si \u00e8 recato nell\u2019Istituto penale per i Minori di Palermo, dove, insieme all\u2019assessore regionale dei Beni Culturali e dell\u2019Identit\u00e0 Siciliana, Alberto Samon\u00e0, per oltre un\u2019ora e mezza, si \u00e8 intrattenuto con i giovani del [&hellip;]<\/p>\n","protected":false},"author":18,"featured_media":108261,"comment_status":"closed","ping_status":"closed","sticky":false,"template":"","format":"standard","meta":{"ub_ctt_via":"","_mi_skip_tracking":false},"categories":[2449],"tags":[783],"featured_image_src":"https:\/\/www.messinaoggi.it\/website\/wp-content\/uploads\/2022\/05\/20220518_0228.jpg","author_info":{"display_name":"Admin","author_link":"https:\/\/www.messinaoggi.it\/website\/author\/admin\/"},"digistream_id":0,"digistream":false,"_links":{"self":[{"href":"https:\/\/www.messinaoggi.it\/website\/wp-json\/wp\/v2\/posts\/108260"}],"collection":[{"href":"https:\/\/www.messinaoggi.it\/website\/wp-json\/wp\/v2\/posts"}],"about":[{"href":"https:\/\/www.messinaoggi.it\/website\/wp-json\/wp\/v2\/types\/post"}],"author":[{"embeddable":true,"href":"https:\/\/www.messinaoggi.it\/website\/wp-json\/wp\/v2\/users\/18"}],"replies":[{"embeddable":true,"href":"https:\/\/www.messinaoggi.it\/website\/wp-json\/wp\/v2\/comments?post=108260"}],"version-history":[{"count":0,"href":"https:\/\/www.messinaoggi.it\/website\/wp-json\/wp\/v2\/posts\/108260\/revisions"}],"wp:featuredmedia":[{"embeddable":true,"href":"https:\/\/www.messinaoggi.it\/website\/wp-json\/wp\/v2\/media\/108261"}],"wp:attachment":[{"href":"https:\/\/www.messinaoggi.it\/website\/wp-json\/wp\/v2\/media?parent=108260"}],"wp:term":[{"taxonomy":"category","embeddable":true,"href":"https:\/\/www.messinaoggi.it\/website\/wp-json\/wp\/v2\/categories?post=108260"},{"taxonomy":"post_tag","embeddable":true,"href":"https:\/\/www.messinaoggi.it\/website\/wp-json\/wp\/v2\/tags?post=108260"}],"curies":[{"name":"wp","href":"https:\/\/api.w.org\/{rel}","templated":true}]}}