{"id":10816,"date":"2017-11-02T18:30:03","date_gmt":"2017-11-02T17:30:03","guid":{"rendered":"http:\/\/www.messinaoggi.it\/website\/?p=10816"},"modified":"2017-11-02T18:30:03","modified_gmt":"2017-11-02T17:30:03","slug":"rometta-65enne-accusato-di-incendio-boschivo","status":"publish","type":"post","link":"https:\/\/www.messinaoggi.it\/website\/2017\/11\/02\/rometta-65enne-accusato-di-incendio-boschivo\/","title":{"rendered":"Rometta, 65enne accusato di incendio boschivo"},"content":{"rendered":"<p align=\"JUSTIFY\"><span style=\"font-family: Arial, sans-serif;\">Incendio boschivo continuato. \u00c8 il reato per il quale \u00e8 stato accusato Antonino Magaz\u00f9 di 65 anni. L&#8217;uomo sarebbe infatti colpevole di aver appiccato il 30 giugno e il 7 luglio degli incendi nel comune di Rometta.<\/span><div id=\"div-gpt-ad-Messinaoggi.it-DSK-300x250-corpoart\" style=\"text-align:center;margin:0 auto;\"><\/div><\/p>\n<p align=\"JUSTIFY\"><span style=\"font-family: Arial, sans-serif;\">Nel dettaglio, il territorio in questione il 30 giugno \u00e8 stato colpito da incendi di vaste proporzioni nelle contrade di Lorenti, Sottocastello e Rapani, dove sono stati distrutti circa 10 ettari di uliveti e macchia mediterranea, nonch\u00e9 un\u2019abitazione rurale (fortunatamente in quel momento disabitata). Quel giorno soltanto nella tarda serata il <span style=\"color: #000000;\">personale del Corpo Forestale della Regione Siciliana<\/span> e della Protezione Civile di Rometta, intervenuti prontamente una volta ricevuta la segnalazione, sono riusciti a domare le fiamme, evitando cos\u00ec che queste potessero raggiungere alcune abitazioni vicine. Appena una settimana dopo, il 7 luglio, \u00e8 stato segnalato un nuovo incendio sempre nella stessa zona, ma meno esteso rispetto a quello precedente.<\/span><div id=\"videoincontent\" style=\"clear:both\";><\/div><\/p>\n<p align=\"JUSTIFY\"><span style=\"font-family: Arial, sans-serif;\"><span style=\"color: #000000;\">A seguito di tali eventi, sulla base di importanti elementi testimoniali e di riscontro, raccolti sia nell\u2019immediatezza dei fatti che successivamente attraverso un proficuo e continuo coordinamento con la Procura della Repubblica di Messina, i carabinieri sono riusciti a far luce sui due episodi incendiari acquisendo diversi elementi contro Magaz\u00f9<\/span>, ritenuto l\u2019esecutore materiali degli incendi. Il GIP ha pertanto emesso un&#8217;ordinanza custodiale.<\/span><\/p>\n<p align=\"JUSTIFY\"><span style=\"font-family: 'Palatino Linotype', serif;\">Questa mattina, pertanto, i Carabinieri della <\/span><span style=\"color: #000000;\"><span style=\"font-family: 'Palatino Linotype', serif;\">Stazione di Rometta Marea <\/span><\/span><span style=\"font-family: 'Palatino Linotype', serif;\">hanno proceduto alla notifica del provvedimento restrittivo nei confronti dell&#8217;uomo, il quale \u00e8 stato sottoposto agli arresti domiciliari.<\/span><\/p>\n","protected":false},"excerpt":{"rendered":"<p>Incendio boschivo continuato. \u00c8 il reato per il quale \u00e8 stato accusato Antonino Magaz\u00f9 di 65 anni. L&#8217;uomo sarebbe infatti colpevole di aver appiccato il 30 giugno e il 7 luglio degli incendi nel comune di Rometta. Nel dettaglio, il territorio in questione il 30 giugno \u00e8 stato colpito da incendi di vaste proporzioni nelle [&hellip;]<\/p>\n","protected":false},"author":8,"featured_media":4969,"comment_status":"closed","ping_status":"open","sticky":false,"template":"","format":"standard","meta":{"ub_ctt_via":"","_mi_skip_tracking":false},"categories":[13,14],"tags":[],"featured_image_src":"https:\/\/www.messinaoggi.it\/website\/wp-content\/uploads\/2017\/07\/carabinieri-112-3.jpg","author_info":{"display_name":"red..me","author_link":"https:\/\/www.messinaoggi.it\/website\/author\/redstage\/"},"digistream_id":0,"digistream":false,"_links":{"self":[{"href":"https:\/\/www.messinaoggi.it\/website\/wp-json\/wp\/v2\/posts\/10816"}],"collection":[{"href":"https:\/\/www.messinaoggi.it\/website\/wp-json\/wp\/v2\/posts"}],"about":[{"href":"https:\/\/www.messinaoggi.it\/website\/wp-json\/wp\/v2\/types\/post"}],"author":[{"embeddable":true,"href":"https:\/\/www.messinaoggi.it\/website\/wp-json\/wp\/v2\/users\/8"}],"replies":[{"embeddable":true,"href":"https:\/\/www.messinaoggi.it\/website\/wp-json\/wp\/v2\/comments?post=10816"}],"version-history":[{"count":0,"href":"https:\/\/www.messinaoggi.it\/website\/wp-json\/wp\/v2\/posts\/10816\/revisions"}],"wp:featuredmedia":[{"embeddable":true,"href":"https:\/\/www.messinaoggi.it\/website\/wp-json\/wp\/v2\/media\/4969"}],"wp:attachment":[{"href":"https:\/\/www.messinaoggi.it\/website\/wp-json\/wp\/v2\/media?parent=10816"}],"wp:term":[{"taxonomy":"category","embeddable":true,"href":"https:\/\/www.messinaoggi.it\/website\/wp-json\/wp\/v2\/categories?post=10816"},{"taxonomy":"post_tag","embeddable":true,"href":"https:\/\/www.messinaoggi.it\/website\/wp-json\/wp\/v2\/tags?post=10816"}],"curies":[{"name":"wp","href":"https:\/\/api.w.org\/{rel}","templated":true}]}}