{"id":108146,"date":"2022-05-17T13:17:33","date_gmt":"2022-05-17T11:17:33","guid":{"rendered":"https:\/\/www.messinaoggi.it\/website\/2022\/05\/17\/lagalla-e-valeria-grasso-insieme-contro-le-mafie\/"},"modified":"2022-05-17T13:17:33","modified_gmt":"2022-05-17T11:17:33","slug":"lagalla-e-valeria-grasso-insieme-contro-le-mafie","status":"publish","type":"post","link":"https:\/\/www.messinaoggi.it\/website\/2022\/05\/17\/lagalla-e-valeria-grasso-insieme-contro-le-mafie\/","title":{"rendered":"Lagalla e Valeria Grasso \u201cInsieme contro le mafie\u201d"},"content":{"rendered":"<div>\n<p>PALERMO (ITALPRESS) \u2013 Roberto Lagalla, candidato Sindaco al Comune di Palermo, ha incontrato Valeria Grasso, candidata al Consiglio comunale nella lista \u2018Lavoriamo per Palerm\u00f2: \u00abIl rapporto con Valeria Grasso non \u00e8 nuovo e non si tratta di un arruolamento estemporaneo, come qualcuno ha voluto immaginare. Da tempo lavoriamo insieme, molti sanno come io sia stato sempre impegnato, prima come rettore e poi come assessore, in una convinta direzione antimafia e contro la malavita organizzata, agendo soprattutto sulla prevenzione educativa. Oggi siamo alla vigilia di una elezione, dove il tema del contrasto alle mafie \u00e8 stato opportunamente sollevato e rispetto a questo aspetto mi piace ricordare le parole del professore Fiandaca, secondo il quale, rispetto a supposti contatti, occorre dimostrare i condizionamenti e la mia vita parla ampiamente da s\u00e8\u00bb.<br \/>E continua: \u00abIl mio programma per Palermo prevede una parte importante di interventi comunali a tutela della trasparenza e della legalit\u00e0, in particolare un organismo indipendente di contrasto alla corruzione e all\u2019infiltrazione mafiosa nella pubblica amministrazione, che supporter\u00e0 le ordinarie funzioni dell\u2019anticorruzione interne all\u2019amministrazione. Indipendentemente dalla sua partecipazione elettorale, chiamer\u00f2 certamente l\u2019amica Valeria ad essere parte integrante di questo organismo, insieme a studiosi e soggetti delle istituzioni\u00bb.<br \/>Insieme a questo, \u00e8 stato sottolineato in conferenza stampa, a Villa Zito, a Palermo, il potenziamento del polo universitario penitenziario, gi\u00e0 promosso da Lagalla nel ruolo di assessore regionale all\u2019Istruzione e alla Formazione professionale; l\u2019insediamento di una sede palermitana dell\u2019agenzia Transcrime, per il monitoraggio del fenomeno mafioso e per facilitare la prevenzione e il controllo della criminalit\u00e0 attraverso analisi avanzate; la realizzazione di un Centro di documentazione sulla lotta alla mafia, in collaborazione con fondazioni, associazioni e movimenti che con coraggio portano avanti un prezioso lavoro di documentazione, comunicazione, educazione alla legalit\u00e0 e che sono testimoni di una lotta che ha fatto di Palermo un\u2019indiscussa avanguardia nel mondo.<br \/>\u00abLe odierne cronache, con gli arresti avvenuti questa notte \u2013 aggiunge Lagalla -, dimostrano che bisogna consolidare la scelta che ha fatto Valeria Grasso in un momento in cui si continua a registrare tristemente, giorno per giorno, quello che lei stessa ha combattuto gi\u00e0 anni fa. Il fenomeno dell\u2019infiltrazione mafiosa e dei comportamenti illeciti continua ad essere un argomento vivo e vitale. Dobbiamo continuare a educare le giovani generazioni e portare avanti un comportamento virtuoso delle istituzioni. In particolare rivolgo un plauso alla forze dell\u2019ordine, nell\u2019operazione che ha portato oggi agli arresti di 31 esponenti del mandamento Brancaccio-Ciaculli\u00bb.  <br \/>\u00abCon Roberto Lagalla lavoriamo da tempo ad attivit\u00e0 volte a sensibilizzare la lotta alle mafie e alla criminalit\u00e0 organizzata, incontrando studenti e imprenditori. A volte \u2013 dichiara Valeria Grasso, candidata al Consiglio comunale nella Lista Lavoriamo per Palermo \u2013 non serve pubblicizzare ma operare per raggiungere obiettivi importanti per questa citt\u00e0\u00bb. E aggiunge: \u00abDa anni abbiamo un immenso patrimonio immobiliare confiscato alla mafia, fatto di sequestri congelati o assegnati ad associazioni che non hanno la possibilit\u00e0 di mettere in piedi delle attivit\u00e0. Troppa burocrazia, causa di troppa lentezza, impedisce di sbloccare questa situazione. Grazie a Lagalla, dedicher\u00f2 a questo il mio impegno per la citt\u00e0, perch\u00e8 ci\u00f2 che viene tolto alla criminalit\u00e0 deve essere dato all\u2019imprenditore sano, offrendogli la possibilit\u00e0 di fare impresa in questa citt\u00e0\u00bb.<div id=\"div-gpt-ad-Messinaoggi.it-DSK-300x250-corpoart\" style=\"text-align:center;margin:0 auto;\"><\/div><\/p>\n<p>foto xh3<br \/>(ITALPRESS).<div id=\"videoincontent\" style=\"clear:both\";><\/div><\/p>\n<\/div>\n","protected":false},"excerpt":{"rendered":"<p>PALERMO (ITALPRESS) \u2013 Roberto Lagalla, candidato Sindaco al Comune di Palermo, ha incontrato Valeria Grasso, candidata al Consiglio comunale nella lista \u2018Lavoriamo per Palerm\u00f2: \u00abIl rapporto con Valeria Grasso non \u00e8 nuovo e non si tratta di un arruolamento estemporaneo, come qualcuno ha voluto immaginare. Da tempo lavoriamo insieme, molti sanno come io sia stato [&hellip;]<\/p>\n","protected":false},"author":18,"featured_media":108147,"comment_status":"closed","ping_status":"closed","sticky":false,"template":"","format":"standard","meta":{"ub_ctt_via":"","_mi_skip_tracking":false},"categories":[2449],"tags":[783],"featured_image_src":"https:\/\/www.messinaoggi.it\/website\/wp-content\/uploads\/2022\/05\/20220517_0774.jpg","author_info":{"display_name":"Admin","author_link":"https:\/\/www.messinaoggi.it\/website\/author\/admin\/"},"digistream_id":0,"digistream":false,"_links":{"self":[{"href":"https:\/\/www.messinaoggi.it\/website\/wp-json\/wp\/v2\/posts\/108146"}],"collection":[{"href":"https:\/\/www.messinaoggi.it\/website\/wp-json\/wp\/v2\/posts"}],"about":[{"href":"https:\/\/www.messinaoggi.it\/website\/wp-json\/wp\/v2\/types\/post"}],"author":[{"embeddable":true,"href":"https:\/\/www.messinaoggi.it\/website\/wp-json\/wp\/v2\/users\/18"}],"replies":[{"embeddable":true,"href":"https:\/\/www.messinaoggi.it\/website\/wp-json\/wp\/v2\/comments?post=108146"}],"version-history":[{"count":0,"href":"https:\/\/www.messinaoggi.it\/website\/wp-json\/wp\/v2\/posts\/108146\/revisions"}],"wp:featuredmedia":[{"embeddable":true,"href":"https:\/\/www.messinaoggi.it\/website\/wp-json\/wp\/v2\/media\/108147"}],"wp:attachment":[{"href":"https:\/\/www.messinaoggi.it\/website\/wp-json\/wp\/v2\/media?parent=108146"}],"wp:term":[{"taxonomy":"category","embeddable":true,"href":"https:\/\/www.messinaoggi.it\/website\/wp-json\/wp\/v2\/categories?post=108146"},{"taxonomy":"post_tag","embeddable":true,"href":"https:\/\/www.messinaoggi.it\/website\/wp-json\/wp\/v2\/tags?post=108146"}],"curies":[{"name":"wp","href":"https:\/\/api.w.org\/{rel}","templated":true}]}}