{"id":108013,"date":"2022-05-16T10:31:11","date_gmt":"2022-05-16T08:31:11","guid":{"rendered":"http:\/\/www.messinaoggi.it\/website\/?p=108013"},"modified":"2022-05-16T10:31:12","modified_gmt":"2022-05-16T08:31:12","slug":"meteo-altri-5-giorni-di-grande-tepore","status":"publish","type":"post","link":"https:\/\/www.messinaoggi.it\/website\/2022\/05\/16\/meteo-altri-5-giorni-di-grande-tepore\/","title":{"rendered":"Meteo, altri 5 giorni di grande tepore"},"content":{"rendered":"\n<p>La primavera dal volto buono sta decollando, offrendoci una lunga seria di giornate ideali, interamente assolate, termicamente in linea con le medie stagionali e con un tasso di Ur basso nelle ore centrali della giornata. Suddetto andamento apprezzato da tutti noi sussister\u00e0 anche nei prossimi 5 giorni, grazie alla resistenza di un tenace campo altopressorio, che preserver\u00e0 una spiccata stabilit\u00e0 atmosferica.<div id=\"div-gpt-ad-Messinaoggi.it-DSK-300x250-corpoart\" style=\"text-align:center;margin:0 auto;\"><\/div><\/p>\n\n\n\n<p>Tuttavia, come evidenzia Ecmwf, la cresta del promontorio anticiclonico assume una bisettrice occidentale, decentrandosi fra Spagna e Baleari. Il ramo ascendente sta scaldando essenzialmente l&#8217;Europa occidentale, mentre la nostra penisola non \u00e8 nel mirino di nessuna seria ondata di calore. In particolare, la nostra isola \u00e8 presidiata da una propaggine anticlonica marcatamente azzorriana, che esibisce una copertura protettiva non intaccabile. Il gradiente orizzontale individuabile fra Baleari ed Egeo aziona lungo lo Stretto una insistente nonch\u00e9 vivace ventilazione da Nord, identificabile come VENTO CAVALIERE.<div id=\"videoincontent\" style=\"clear:both\";><\/div><\/p>\n\n\n\n<p>Quando la pressione non \u00e8 uniformemente spalmata su tutto il Mediterraneo, il grecalino dello Stretto imperversa gagliardamente per pi\u00f9 giorni, toccando picchi di 45-50 km\/h sulla riviera sud per effetto channeling. Praticamente, sar\u00e0 una impresa ardua piantare un ombrellone senza imbrigliarlo adeguatamente. Con questo quadro azzorriano, il bel tempo primaverile non subir\u00e0 alcuna impasse, con cielo diffusamente terso, ampio soleggiamento, discreta escursione termica e ottima qualit\u00e0 dell&#8217;aria.<\/p>\n\n\n\n<p>Il vento cavaliere spirer\u00e0 con una certa irruenza (NE) specialmente lungo la riviera sud, ma occasionalmente spumegger\u00e0 anche il settore centrale dello Stretto, toccando i 40 km\/h anche al porto di Messina. Dopo le 17, \u00e8 consigliato indossare un maglioncino a maniche lunghe soprattutto se si pratica attivit\u00e0 fisica e si \u00e8 avvezzi ad abbondante sudorazione.<\/p>\n\n\n\n<p>Lungo la riviera nord l&#8217;intensit\u00e0 eolica sar\u00e0 meno ficcante, ma lo zefiro deumidifante riuscir\u00e0 ugualmente a lenire la percezione di calura, rendendo il clima gradevolissimo. La radiazione solare si attester\u00e0 intorno a 7, pertanto sar\u00e0 opportuno prendere le dovute precauzione onde evitare scottature.<\/p>\n\n\n\n<p>La temperatura permarr\u00e0 in linea con le medie stagionali, fluttuando dai 19\u00b0 di minima ai 24-25\u00b0 di massima lungo tutti i litorali, in temporanea flessione gioved\u00ec con l&#8217;innesto di una transeunte +11 a 850 hpa. Il tasso dell&#8217;Ur far\u00e0 segnare valori medi compresi fra il 40 e il 65%.<\/p>\n\n\n\n<p>Le tendenze del tempo a medio termine prefigurano un graduale est shift della cresta africana, che verosimilmente fra domenica e lunedi potrebbe espugnare per qualche giorno anche il Mediterraneo centrale.<\/p>\n\n\n\n<p>Ma le proiezioni a lungo termine inducono a ipotizzare che potrebbe trattarsi di un transeunte richiamo caldo pre-frontale, cui potrebbe seguire un drastico cambiamento spiccatamente meridiano. L&#8217;ultima decade di Maggio si prospetta dinamica e particolarmente appassionante.<\/p>\n\n\n\n<p><strong>Alessio Campobello<\/strong><\/p>\n","protected":false},"excerpt":{"rendered":"<p>La primavera dal volto buono sta decollando, offrendoci una lunga seria di giornate ideali, interamente assolate, termicamente in linea con le medie stagionali e con un tasso di Ur basso nelle ore centrali della giornata. Suddetto andamento apprezzato da tutti noi sussister\u00e0 anche nei prossimi 5 giorni, grazie alla resistenza di un tenace campo altopressorio, [&hellip;]<\/p>\n","protected":false},"author":8,"featured_media":108014,"comment_status":"open","ping_status":"open","sticky":false,"template":"","format":"standard","meta":{"ub_ctt_via":"","_mi_skip_tracking":false},"categories":[5],"tags":[1225,178],"featured_image_src":"https:\/\/www.messinaoggi.it\/website\/wp-content\/uploads\/2022\/05\/901d268e-2485-415f-b38f-2cd8c53d4db1.jpg","author_info":{"display_name":"red..me","author_link":"https:\/\/www.messinaoggi.it\/website\/author\/redstage\/"},"digistream_id":0,"digistream":false,"_links":{"self":[{"href":"https:\/\/www.messinaoggi.it\/website\/wp-json\/wp\/v2\/posts\/108013"}],"collection":[{"href":"https:\/\/www.messinaoggi.it\/website\/wp-json\/wp\/v2\/posts"}],"about":[{"href":"https:\/\/www.messinaoggi.it\/website\/wp-json\/wp\/v2\/types\/post"}],"author":[{"embeddable":true,"href":"https:\/\/www.messinaoggi.it\/website\/wp-json\/wp\/v2\/users\/8"}],"replies":[{"embeddable":true,"href":"https:\/\/www.messinaoggi.it\/website\/wp-json\/wp\/v2\/comments?post=108013"}],"version-history":[{"count":1,"href":"https:\/\/www.messinaoggi.it\/website\/wp-json\/wp\/v2\/posts\/108013\/revisions"}],"predecessor-version":[{"id":108015,"href":"https:\/\/www.messinaoggi.it\/website\/wp-json\/wp\/v2\/posts\/108013\/revisions\/108015"}],"wp:featuredmedia":[{"embeddable":true,"href":"https:\/\/www.messinaoggi.it\/website\/wp-json\/wp\/v2\/media\/108014"}],"wp:attachment":[{"href":"https:\/\/www.messinaoggi.it\/website\/wp-json\/wp\/v2\/media?parent=108013"}],"wp:term":[{"taxonomy":"category","embeddable":true,"href":"https:\/\/www.messinaoggi.it\/website\/wp-json\/wp\/v2\/categories?post=108013"},{"taxonomy":"post_tag","embeddable":true,"href":"https:\/\/www.messinaoggi.it\/website\/wp-json\/wp\/v2\/tags?post=108013"}],"curies":[{"name":"wp","href":"https:\/\/api.w.org\/{rel}","templated":true}]}}