{"id":107946,"date":"2022-05-15T11:41:38","date_gmt":"2022-05-15T09:41:38","guid":{"rendered":"http:\/\/www.messinaoggi.it\/website\/?p=107946"},"modified":"2022-05-15T11:42:32","modified_gmt":"2022-05-15T09:42:32","slug":"bicincitta-evento-con-un-occhio-alla-mobilita-sostenibile","status":"publish","type":"post","link":"https:\/\/www.messinaoggi.it\/website\/2022\/05\/15\/bicincitta-evento-con-un-occhio-alla-mobilita-sostenibile\/","title":{"rendered":"Bicincitt\u00e0, evento con un occhio alla mobilit\u00e0 sostenibile"},"content":{"rendered":"\n<p>La manifestazione &#8220;Bincitta&#8221; torna dopo due anni di stop e si trasforma in un grande evento festoso per adulti e bambini. Centinaia i messinesi che questa mattina si sono presentati a piazza Duomo in sella ad una bici per per percorrere le vie del centro di Messina sul mezzo a due ruote e godersi una citt\u00e0 diversa, senza auto e senza traffico.<br>Ai nastri di partenza della manifestazione ciclistica c&#8217;erano anche i cinque candidati a sindaco, ai quali il presidente della Uisp Messina, Santino Cannav\u00f2, ha consegnato un documento sulla mobilit\u00e0 sostenibile.<br>&#8220;Tra di voi c&#8217;\u00e8 il futuro primo cittadino e auspichiamo che chiunque vinca renda questa citt\u00e0 finalmente a misura d&#8217;uomo. Mi auguro che questo documento redatto insieme ad altre associazioni diventi per voi un&#8217;agenda&#8221;, ha detto Cannav\u00f2 rivolgendosi a Federico Basile, Maurizio Croce, Franco De Domenico, Gino Sturniolo e Salvatore Totaro.<br>Subito dopo la carovana si \u00e8 messa in moto \u00e8 ha percorso i due differenti tragitti, uno per i pi\u00f9 piccoli e uno per gli adulti, tracciati dagli organizzatori con punto d&#8217;arrivo per tutti a Piazza Duomo.<br>&#8220;Il bilancio di Bicincitt\u00e0 2022 \u00e8 assolutamente positivo e mi auguro che anche a Messina si possa iniziare a programmare una mobilit\u00e0 dolce, come gi\u00e0 avviene in tutta Europa. Il clima \u00e8 sicuramente dalla nostra parte, ma serve un cambio di mentalit\u00e0 se vogliamo far riappropriare i messinesi del proprio territorio&#8221; ha dichiarato il presidente della Uisp Messina al termine della manifestazione.<div id=\"div-gpt-ad-Messinaoggi.it-DSK-300x250-corpoart\" style=\"text-align:center;margin:0 auto;\"><\/div><\/p>\n<div id=\"videoincontent\" style=\"clear:both\";><\/div>","protected":false},"excerpt":{"rendered":"<p>La manifestazione &#8220;Bincitta&#8221; torna dopo due anni di stop e si trasforma in un grande evento festoso per adulti e bambini. Centinaia i messinesi che questa mattina si sono presentati a piazza Duomo in sella ad una bici per per percorrere le vie del centro di Messina sul mezzo a due ruote e godersi una [&hellip;]<\/p>\n","protected":false},"author":4,"featured_media":107947,"comment_status":"open","ping_status":"open","sticky":false,"template":"","format":"standard","meta":{"ub_ctt_via":"","_mi_skip_tracking":false},"categories":[6],"tags":[4479],"featured_image_src":"https:\/\/www.messinaoggi.it\/website\/wp-content\/uploads\/2022\/05\/IMG-20220515-WA0009.jpg","author_info":{"display_name":"redme","author_link":"https:\/\/www.messinaoggi.it\/website\/author\/redme\/"},"digistream_id":0,"digistream":false,"_links":{"self":[{"href":"https:\/\/www.messinaoggi.it\/website\/wp-json\/wp\/v2\/posts\/107946"}],"collection":[{"href":"https:\/\/www.messinaoggi.it\/website\/wp-json\/wp\/v2\/posts"}],"about":[{"href":"https:\/\/www.messinaoggi.it\/website\/wp-json\/wp\/v2\/types\/post"}],"author":[{"embeddable":true,"href":"https:\/\/www.messinaoggi.it\/website\/wp-json\/wp\/v2\/users\/4"}],"replies":[{"embeddable":true,"href":"https:\/\/www.messinaoggi.it\/website\/wp-json\/wp\/v2\/comments?post=107946"}],"version-history":[{"count":1,"href":"https:\/\/www.messinaoggi.it\/website\/wp-json\/wp\/v2\/posts\/107946\/revisions"}],"predecessor-version":[{"id":107948,"href":"https:\/\/www.messinaoggi.it\/website\/wp-json\/wp\/v2\/posts\/107946\/revisions\/107948"}],"wp:featuredmedia":[{"embeddable":true,"href":"https:\/\/www.messinaoggi.it\/website\/wp-json\/wp\/v2\/media\/107947"}],"wp:attachment":[{"href":"https:\/\/www.messinaoggi.it\/website\/wp-json\/wp\/v2\/media?parent=107946"}],"wp:term":[{"taxonomy":"category","embeddable":true,"href":"https:\/\/www.messinaoggi.it\/website\/wp-json\/wp\/v2\/categories?post=107946"},{"taxonomy":"post_tag","embeddable":true,"href":"https:\/\/www.messinaoggi.it\/website\/wp-json\/wp\/v2\/tags?post=107946"}],"curies":[{"name":"wp","href":"https:\/\/api.w.org\/{rel}","templated":true}]}}