{"id":107930,"date":"2022-05-15T07:24:23","date_gmt":"2022-05-15T05:24:23","guid":{"rendered":"http:\/\/www.messinaoggi.it\/website\/?p=107930"},"modified":"2022-05-14T22:29:14","modified_gmt":"2022-05-14T20:29:14","slug":"vittime-omofobia-martedi-la-scoperta-della-targa-commemorativa","status":"publish","type":"post","link":"https:\/\/www.messinaoggi.it\/website\/2022\/05\/15\/vittime-omofobia-martedi-la-scoperta-della-targa-commemorativa\/","title":{"rendered":"Vittime omofobia, marted\u00ec la scoperta della targa commemorativa"},"content":{"rendered":"\n<p>Si conclude con la posa di una targa commemorativa, dedicata alle vittime di omobilesbotransfobia un percorso avviato da Arcigay Messina Makwan nel 2015. La targa verr\u00e0 scoperta marted\u00ec 17 Maggio 2022 alle ore 17,00 Giornata internazionale contro l\u2019omobilesbotransfobia all\u2019interno della villetta Quasimodo (intesa villetta Royal) e vuole essere simbolo per tutte le ricorrenze a partire dal 27 Gennaio fino al TDOR, giornata per le persone Trans.<div id=\"div-gpt-ad-Messinaoggi.it-DSK-300x250-corpoart\" style=\"text-align:center;margin:0 auto;\"><\/div><\/p>\n\n\n\n<p>\u201c\u00c8 stato un iter lungo e piuttosto complesso la richiesta iniziale prevedeva una targa per le vittime omosessuali durante il periodo del nazifascismo ed infatti in quella direzione verteva l\u2019approvazione arrivata nel 2016 dall\u2019allora giunta Accorinti. &#8211; si legge in una nota di Arcigay Messina &#8211; Ma dopo l\u2019approvazione il percorso che sembrava essere in discesa, tanto che pensavamo ad una rapida conclusione, a causa di non comprensibili motivi si aren\u00f2. Nel frattempo si giungeva a fine consliatura e quindi tutto doveva essere rimandato a chi avrebbe amministrato la citt\u00e0 successivamente.<br>Non appena si \u00e8 insediata la nuova Amministrazione, come abitudine di quest\u2019Associazione abbiamo riprotocollato la documentazione chiedendo che quanto approvato dalla Giunta precedente in merito alla Targa riprendesse l\u2019iter per giungere a conclusione.<div id=\"videoincontent\" style=\"clear:both\";><\/div><\/p>\n\n\n\n<p>Dopo varie peripezie e la discussione in commissione toponomastica si \u00e8 giunti a sintesi e quindi gli uffici hanno potuto definire gli aspetti tecnici.<br>Nel frattempo per\u00f2 abbiamo valutato la possibilit\u00e0 di modificare la dicitura in quanto quella iniziale era limitata solo alle vittime del nazifascismo e quindi circoscritta ad un tempo definito. In nostro intendimento nel modificare la dicitura \u00e8 stato quello di ricordare le vittime di violenza omobilesbotransfobica di ogni tempo\u201d.<\/p>\n\n\n\n<p>La targa sar\u00e0 posta all\u2019interno della villetta a ridosso di via del Vespro per ricordare anche l\u2019efferato delitto ancora senza colpevoli di Emanuele Bert\u00e8 in arte Wanda avvenuto proprio in via del Vespro. &#8220;Auspichiamo &#8211; conclude la nota &#8211; che questa targa oltre a ricordare le vittime innocenti uccise solo perch\u00e9 avevano un orientamento sessuale o identit\u00e0 di genere non conforme al pensiero dominante possa essere per chi si ferma a leggere un motivo di riflessione perch\u00e9 nessun* persona debba morire per mano violenta per il proprio modo di amare\u201d.<\/p>\n","protected":false},"excerpt":{"rendered":"<p>Si conclude con la posa di una targa commemorativa, dedicata alle vittime di omobilesbotransfobia un percorso avviato da Arcigay Messina Makwan nel 2015. La targa verr\u00e0 scoperta marted\u00ec 17 Maggio 2022 alle ore 17,00 Giornata internazionale contro l\u2019omobilesbotransfobia all\u2019interno della villetta Quasimodo (intesa villetta Royal) e vuole essere simbolo per tutte le ricorrenze a partire [&hellip;]<\/p>\n","protected":false},"author":8,"featured_media":44447,"comment_status":"open","ping_status":"open","sticky":false,"template":"","format":"standard","meta":{"ub_ctt_via":"","_mi_skip_tracking":false},"categories":[5],"tags":[1608,1623],"featured_image_src":"https:\/\/www.messinaoggi.it\/website\/wp-content\/uploads\/2020\/06\/bandiera-gay-palazzo-zanca.jpg","author_info":{"display_name":"red..me","author_link":"https:\/\/www.messinaoggi.it\/website\/author\/redstage\/"},"digistream_id":0,"digistream":false,"_links":{"self":[{"href":"https:\/\/www.messinaoggi.it\/website\/wp-json\/wp\/v2\/posts\/107930"}],"collection":[{"href":"https:\/\/www.messinaoggi.it\/website\/wp-json\/wp\/v2\/posts"}],"about":[{"href":"https:\/\/www.messinaoggi.it\/website\/wp-json\/wp\/v2\/types\/post"}],"author":[{"embeddable":true,"href":"https:\/\/www.messinaoggi.it\/website\/wp-json\/wp\/v2\/users\/8"}],"replies":[{"embeddable":true,"href":"https:\/\/www.messinaoggi.it\/website\/wp-json\/wp\/v2\/comments?post=107930"}],"version-history":[{"count":1,"href":"https:\/\/www.messinaoggi.it\/website\/wp-json\/wp\/v2\/posts\/107930\/revisions"}],"predecessor-version":[{"id":107931,"href":"https:\/\/www.messinaoggi.it\/website\/wp-json\/wp\/v2\/posts\/107930\/revisions\/107931"}],"wp:featuredmedia":[{"embeddable":true,"href":"https:\/\/www.messinaoggi.it\/website\/wp-json\/wp\/v2\/media\/44447"}],"wp:attachment":[{"href":"https:\/\/www.messinaoggi.it\/website\/wp-json\/wp\/v2\/media?parent=107930"}],"wp:term":[{"taxonomy":"category","embeddable":true,"href":"https:\/\/www.messinaoggi.it\/website\/wp-json\/wp\/v2\/categories?post=107930"},{"taxonomy":"post_tag","embeddable":true,"href":"https:\/\/www.messinaoggi.it\/website\/wp-json\/wp\/v2\/tags?post=107930"}],"curies":[{"name":"wp","href":"https:\/\/api.w.org\/{rel}","templated":true}]}}