{"id":107870,"date":"2022-05-14T08:16:56","date_gmt":"2022-05-14T06:16:56","guid":{"rendered":"http:\/\/www.messinaoggi.it\/website\/?p=107870"},"modified":"2022-05-14T08:16:57","modified_gmt":"2022-05-14T06:16:57","slug":"ftl-totaro-annuncia-nuovo-assessore","status":"publish","type":"post","link":"https:\/\/www.messinaoggi.it\/website\/2022\/05\/14\/ftl-totaro-annuncia-nuovo-assessore\/","title":{"rendered":"Ftl, Totaro annuncia nuovo assessore"},"content":{"rendered":"\n<p>&#8220;Sono lieto di annunciare la designazione di Giuseppe Muna\u00f2 come Assessore della nostra squadra di Governo per la citt\u00e0 di Messina&#8221;.<div id=\"div-gpt-ad-Messinaoggi.it-DSK-300x250-corpoart\" style=\"text-align:center;margin:0 auto;\"><\/div><\/p>\n\n\n\n<p>Lo afferma il candidato sindaco di Ftl, Toraro<br>Muna\u00f2 54 anni, candidato nella lista di \u201c Futuro Trasparenza Libert\u00e0\u201d<br>gi\u00e0 Assessore all&#8217;ecologia, ambiente, sport e giovani in un comune della Brianza lecchese,<br>metter\u00e0 a disposizione della nostra squadra l&#8217;esperienza accumulata in questi anni.<br>A lui verranno conferite le deleghe all\u2019 Ecologica ed Ambiente.<div id=\"videoincontent\" style=\"clear:both\";><\/div><\/p>\n","protected":false},"excerpt":{"rendered":"<p>&#8220;Sono lieto di annunciare la designazione di Giuseppe Muna\u00f2 come Assessore della nostra squadra di Governo per la citt\u00e0 di Messina&#8221;. Lo afferma il candidato sindaco di Ftl, ToraroMuna\u00f2 54 anni, candidato nella lista di \u201c Futuro Trasparenza Libert\u00e0\u201dgi\u00e0 Assessore all&#8217;ecologia, ambiente, sport e giovani in un comune della Brianza lecchese,metter\u00e0 a disposizione della nostra [&hellip;]<\/p>\n","protected":false},"author":2,"featured_media":107871,"comment_status":"open","ping_status":"open","sticky":false,"template":"","format":"standard","meta":{"ub_ctt_via":"","_mi_skip_tracking":false},"categories":[5],"tags":[4012,4506,4505],"featured_image_src":"https:\/\/www.messinaoggi.it\/website\/wp-content\/uploads\/2022\/05\/image0-e1652509001462.jpg","author_info":{"display_name":"Redazione","author_link":"https:\/\/www.messinaoggi.it\/website\/author\/redazione\/"},"digistream_id":0,"digistream":false,"_links":{"self":[{"href":"https:\/\/www.messinaoggi.it\/website\/wp-json\/wp\/v2\/posts\/107870"}],"collection":[{"href":"https:\/\/www.messinaoggi.it\/website\/wp-json\/wp\/v2\/posts"}],"about":[{"href":"https:\/\/www.messinaoggi.it\/website\/wp-json\/wp\/v2\/types\/post"}],"author":[{"embeddable":true,"href":"https:\/\/www.messinaoggi.it\/website\/wp-json\/wp\/v2\/users\/2"}],"replies":[{"embeddable":true,"href":"https:\/\/www.messinaoggi.it\/website\/wp-json\/wp\/v2\/comments?post=107870"}],"version-history":[{"count":1,"href":"https:\/\/www.messinaoggi.it\/website\/wp-json\/wp\/v2\/posts\/107870\/revisions"}],"predecessor-version":[{"id":107872,"href":"https:\/\/www.messinaoggi.it\/website\/wp-json\/wp\/v2\/posts\/107870\/revisions\/107872"}],"wp:featuredmedia":[{"embeddable":true,"href":"https:\/\/www.messinaoggi.it\/website\/wp-json\/wp\/v2\/media\/107871"}],"wp:attachment":[{"href":"https:\/\/www.messinaoggi.it\/website\/wp-json\/wp\/v2\/media?parent=107870"}],"wp:term":[{"taxonomy":"category","embeddable":true,"href":"https:\/\/www.messinaoggi.it\/website\/wp-json\/wp\/v2\/categories?post=107870"},{"taxonomy":"post_tag","embeddable":true,"href":"https:\/\/www.messinaoggi.it\/website\/wp-json\/wp\/v2\/tags?post=107870"}],"curies":[{"name":"wp","href":"https:\/\/api.w.org\/{rel}","templated":true}]}}