{"id":107628,"date":"2022-05-12T13:32:35","date_gmt":"2022-05-12T11:32:35","guid":{"rendered":"https:\/\/www.messinaoggi.it\/website\/2022\/05\/12\/congresso-fnopi-a-palermo-mangiacavalli-piu-infermieri-specializzati\/"},"modified":"2022-05-12T13:32:35","modified_gmt":"2022-05-12T11:32:35","slug":"congresso-fnopi-a-palermo-mangiacavalli-piu-infermieri-specializzati","status":"publish","type":"post","link":"https:\/\/www.messinaoggi.it\/website\/2022\/05\/12\/congresso-fnopi-a-palermo-mangiacavalli-piu-infermieri-specializzati\/","title":{"rendered":"Congresso Fnopi a Palermo, Mangiacavalli \u201cPi\u00f9 infermieri specializzati\u201d"},"content":{"rendered":"<div>\n<p>PALERMO (ITALPRESS) \u2013 C\u2019\u00e8 bisogno di pi\u00f9 assistenza. Ci vorrebbero pi\u00f9 infermieri, ma non ci sono. E \u201cogni possibilit\u00e0 di aumentare in modo significativo il numero degli infermieri, seppure necessario, espone anche al rischio di una perdita della qualit\u00e0 dell\u2019assistenza: la quantit\u00e0 di infermieri prodotti dal sistema deve crescere in proporzione all\u2019attrattivit\u00e0 della professione e del numero di docenti-infermieri\u201d. Lo ha detto Barbara Mangiacavalli, presidente della Federazione nazionale degli ordini delle professioni infermieristiche che oggi, giornata internazionale dell\u2019infermiere, conclude a Palermo in Congresso itinerante della Federazione che in un anno ha toccato tutte le Regioni italiane premiando 72 buone pratiche  infermieristiche, \u2018esportabil\u00ec su tutto il territorio nazionale.<br \/>\u201cDopo due anni di una brutta esperienza di salute che nessuno si sarebbe mai aspettato \u2013 ha aggiunto -, ma che paradossalmente ha messo in risalto la figura dell\u2019infermiere nel suo patto di vicinanza ai cittadini, nel valore etico e deontologico, oltre che clinico, della professione, nel valore che l\u2019infermieristica d\u00e0 al concetto di prossimit\u00e0 che gi\u00e0 contraddistingue la nostra professione e che ora dovr\u00e0 aumentare la sua valenza, deve partire il vero cambio di paradigma e si devono lasciare alle spalle consuetudini, dati di fatto e abitudini che ormai appartengono a un passato in cui l\u2019assistenza \u00e8 rimasta una cenerentola, specie sul territorio e le persone sono spesso state lasciate sole\u201d.<br \/>Questi i cinque punti della ricetta che gli infermieri stanno raccogliendo anche dagli stati generali della professione in cui migliaia di professionisti hanno espresso il loro parere sul futuro dell\u2019infermieristica: modifica del quadro giuridico\/ordinamentale, formativo e contrattuale, per riconoscere nuove funzioni e responsabilit\u00e0 delle professioni;<br \/>revisione della distribuzione delle responsabilit\u00e0 e dell\u2019organizzazione del lavoro nei processi e negli assetti organizzativi; definizione di confini professionali, all\u2019interno del sistema, relativamente aperti e \u2018contendibil\u00ec, insieme a strutture contrattuali che aiutino la flessibilit\u00e0 e lo sviluppo di competenze in una prospettiva di minore competizione tra le professioni; consolidamento del percorso di formazione dell\u2019infermiere, affiancando la base formativa per la differenziazione di competenze e ruoli all\u2019interno della professione, a un\u2019offerta di specializzazione con percorsi flessibili e compatibili con l\u2019attivit\u00e0 lavorativa; introduzione nei percorsi formativi universitari di corsi di laurea magistrale a indirizzo specialistico-professionale, definendo criteri stringenti in termini di piano didattico e tirocini.<br \/>\u201cNulla di semplice e scontato \u2013 sottolinea Mangiacavalli \u2013 . Ma la nostra \u00e8 una battaglia per la professione e per la salute dei cittadini e la combatteremo metro per metro per realizzare un sistema che presidiando la qualit\u00e0, colga tutte le opportunit\u00e0 per espandere il contributo di tutti (anche in termini di competenze specializzate, da non ricondurre comunque al modello del professionalismo). Occorre promuovere e gestire al meglio un equilibrio tra le professioni e nelle professioni \u2013 ha concluso \u2013 tra generalisti\/fungibilit\u00e0 e specialisti\/infungibilit\u00e0, saturare i bisogni della produzione a partire da saperi\/competenze che richiedono minori tempi di formazione (minore rigidit\u00e0) economizzando saperi\/competenze dai percorsi pi\u00f9 lunghi\u201d. <div id=\"div-gpt-ad-Messinaoggi.it-DSK-300x250-corpoart\" style=\"text-align:center;margin:0 auto;\"><\/div><\/p>\n<p>foto Xd6\/<br \/>(ITALPRESS).<div id=\"videoincontent\" style=\"clear:both\";><\/div><\/p>\n<\/div>\n","protected":false},"excerpt":{"rendered":"<p>PALERMO (ITALPRESS) \u2013 C\u2019\u00e8 bisogno di pi\u00f9 assistenza. Ci vorrebbero pi\u00f9 infermieri, ma non ci sono. E \u201cogni possibilit\u00e0 di aumentare in modo significativo il numero degli infermieri, seppure necessario, espone anche al rischio di una perdita della qualit\u00e0 dell\u2019assistenza: la quantit\u00e0 di infermieri prodotti dal sistema deve crescere in proporzione all\u2019attrattivit\u00e0 della professione e [&hellip;]<\/p>\n","protected":false},"author":18,"featured_media":107629,"comment_status":"closed","ping_status":"closed","sticky":false,"template":"","format":"standard","meta":{"ub_ctt_via":"","_mi_skip_tracking":false},"categories":[2449],"tags":[783],"featured_image_src":"https:\/\/www.messinaoggi.it\/website\/wp-content\/uploads\/2022\/05\/20220512_0535.jpg","author_info":{"display_name":"Admin","author_link":"https:\/\/www.messinaoggi.it\/website\/author\/admin\/"},"digistream_id":0,"digistream":false,"_links":{"self":[{"href":"https:\/\/www.messinaoggi.it\/website\/wp-json\/wp\/v2\/posts\/107628"}],"collection":[{"href":"https:\/\/www.messinaoggi.it\/website\/wp-json\/wp\/v2\/posts"}],"about":[{"href":"https:\/\/www.messinaoggi.it\/website\/wp-json\/wp\/v2\/types\/post"}],"author":[{"embeddable":true,"href":"https:\/\/www.messinaoggi.it\/website\/wp-json\/wp\/v2\/users\/18"}],"replies":[{"embeddable":true,"href":"https:\/\/www.messinaoggi.it\/website\/wp-json\/wp\/v2\/comments?post=107628"}],"version-history":[{"count":0,"href":"https:\/\/www.messinaoggi.it\/website\/wp-json\/wp\/v2\/posts\/107628\/revisions"}],"wp:featuredmedia":[{"embeddable":true,"href":"https:\/\/www.messinaoggi.it\/website\/wp-json\/wp\/v2\/media\/107629"}],"wp:attachment":[{"href":"https:\/\/www.messinaoggi.it\/website\/wp-json\/wp\/v2\/media?parent=107628"}],"wp:term":[{"taxonomy":"category","embeddable":true,"href":"https:\/\/www.messinaoggi.it\/website\/wp-json\/wp\/v2\/categories?post=107628"},{"taxonomy":"post_tag","embeddable":true,"href":"https:\/\/www.messinaoggi.it\/website\/wp-json\/wp\/v2\/tags?post=107628"}],"curies":[{"name":"wp","href":"https:\/\/api.w.org\/{rel}","templated":true}]}}