{"id":10757,"date":"2017-11-01T10:09:26","date_gmt":"2017-11-01T09:09:26","guid":{"rendered":"http:\/\/www.messinaoggi.it\/website\/?p=10757"},"modified":"2017-11-01T10:09:26","modified_gmt":"2017-11-01T09:09:26","slug":"raineri-il-pupillo-del-cavaliere-che-ambisce-a-un-seggio-allars","status":"publish","type":"post","link":"https:\/\/www.messinaoggi.it\/website\/2017\/11\/01\/raineri-il-pupillo-del-cavaliere-che-ambisce-a-un-seggio-allars\/","title":{"rendered":"Raineri, il &quot;pupillo&quot; del Cavaliere che ambisce a un seggio all&#039;Ars"},"content":{"rendered":"<p>Il suo nome \u00e8 stato inserito nella lista dei venti giovani su cui Silvio Berlusconi vuole puntare per il futuro.\u00a0<span class=\"s1\"><strong>Federico Raineri<\/strong>, ventiseienne imprenditore nel campo dell\u2019istruzione e della formazione, coordinatore di Forza Italia nella Provincia di Messina,\u00a0 \u00e8 in corsa per un seggio a Palazzo dei Normanni.<\/span><div id=\"div-gpt-ad-Messinaoggi.it-DSK-300x250-corpoart\" style=\"text-align:center;margin:0 auto;\"><\/div><\/p>\n<p class=\"p1\"><strong><span class=\"s1\">Innanzitutto perch\u00e9 ha deciso di scendere in campo?<\/span><\/strong><div id=\"videoincontent\" style=\"clear:both\";><\/div><\/p>\n<p class=\"p1\"><em><span class=\"s1\">&#8220;Devo dire che in famiglia e tra gli amici in tanti mi hanno sconsigliato di fare questa scelta. Oggi la politica, tra diffamazioni e populismo, \u00e8 un tritacarne quindi capisco le ragioni di chi mi invitava a passare la mano. Io ho le mie attivit\u00e0 e la vita professionale mi d\u00e0 tante soddisfazioni, ma non riesco rimanere a guardare mentre i miei coetanei mettono in una valigia le loro speranze, non posso accettare che la nostra terra venga governata come \u00e8 stato negli ultimi cinque anni. Quindi dopo pi\u00f9 di dieci anni di militanza la candidatura \u00e8 stata una scelta naturale. Voglio andare a Palermo per portare le esigenze del nostro territorio, realizzare i progetti che servono a dare nuova speranza ai siciliani&#8221;.<\/span><\/em><\/p>\n<p class=\"p1\"><strong><span class=\"s1\">Quali sono le priorit\u00e0 per la Sicilia?<\/span><\/strong><\/p>\n<p class=\"p1\"><span class=\"s1\">&#8220;Prima fra tutte la lotta alla disoccupazione giovanile. Dopo anni di promesse arrivate da Palermo e da Roma la situazione resta drammatica. \u00c8 necessario cambiare marcia, rimettere mano al sistema di incentivi all\u2019imprenditoria giovanile e femminile per dedicare ogni risorsa a chi ha idee valide. Basta con la logica dei fondi a pioggia e via ad una nuova fase di investimenti utili alle imprese.\u00a0<\/span>Collegato a questo tema c\u2019\u00e8 la tutela e la promozione ambientale. Noi camminiamo ogni giorno su una miniera d\u2019oro \u00e8 giunta l\u2019ora di farla fruttare. Come? Pianificando a livello regionale, mettendo in rete gli imprenditori del turismo, puntando a mercati che oggi ignorano le nostre meraviglie&#8221;.<\/p>\n<p class=\"p1\"><strong><span class=\"s1\">Crede che luned\u00ec il presidente della Regione sar\u00e0 Nello Musumeci?<\/span><\/strong><\/p>\n<p class=\"p1\"><em><span class=\"s1\">&#8220;Certo che s\u00ec! Musumeci \u00e8 la persona giusta, il centrodestra \u00e8 lo schieramento che riesce a dare prospettive alla Sicilia. Durante la campagna elettorale ho potuto testare con mano il giudizio dei siciliani sui cinque anni appena trascorsi targati centrosinistra e anche la stanchezza nei confronti di chi basa la sua politica solo sulla critica e sulla diffamazione. Domenica sar\u00e0 un grande giorno per la Sicilia&#8221;.<\/span><\/em><\/p>\n","protected":false},"excerpt":{"rendered":"<p>Il suo nome \u00e8 stato inserito nella lista dei venti giovani su cui Silvio Berlusconi vuole puntare per il futuro.\u00a0Federico Raineri, ventiseienne imprenditore nel campo dell\u2019istruzione e della formazione, coordinatore di Forza Italia nella Provincia di Messina,\u00a0 \u00e8 in corsa per un seggio a Palazzo dei Normanni. Innanzitutto perch\u00e9 ha deciso di scendere in campo? [&hellip;]<\/p>\n","protected":false},"author":2,"featured_media":10760,"comment_status":"closed","ping_status":"open","sticky":false,"template":"","format":"standard","meta":{"ub_ctt_via":"","_mi_skip_tracking":false},"categories":[6],"tags":[],"featured_image_src":"https:\/\/www.messinaoggi.it\/website\/wp-content\/uploads\/2017\/11\/Raineri.jpg","author_info":{"display_name":"Redazione","author_link":"https:\/\/www.messinaoggi.it\/website\/author\/redazione\/"},"digistream_id":0,"digistream":false,"_links":{"self":[{"href":"https:\/\/www.messinaoggi.it\/website\/wp-json\/wp\/v2\/posts\/10757"}],"collection":[{"href":"https:\/\/www.messinaoggi.it\/website\/wp-json\/wp\/v2\/posts"}],"about":[{"href":"https:\/\/www.messinaoggi.it\/website\/wp-json\/wp\/v2\/types\/post"}],"author":[{"embeddable":true,"href":"https:\/\/www.messinaoggi.it\/website\/wp-json\/wp\/v2\/users\/2"}],"replies":[{"embeddable":true,"href":"https:\/\/www.messinaoggi.it\/website\/wp-json\/wp\/v2\/comments?post=10757"}],"version-history":[{"count":0,"href":"https:\/\/www.messinaoggi.it\/website\/wp-json\/wp\/v2\/posts\/10757\/revisions"}],"wp:featuredmedia":[{"embeddable":true,"href":"https:\/\/www.messinaoggi.it\/website\/wp-json\/wp\/v2\/media\/10760"}],"wp:attachment":[{"href":"https:\/\/www.messinaoggi.it\/website\/wp-json\/wp\/v2\/media?parent=10757"}],"wp:term":[{"taxonomy":"category","embeddable":true,"href":"https:\/\/www.messinaoggi.it\/website\/wp-json\/wp\/v2\/categories?post=10757"},{"taxonomy":"post_tag","embeddable":true,"href":"https:\/\/www.messinaoggi.it\/website\/wp-json\/wp\/v2\/tags?post=10757"}],"curies":[{"name":"wp","href":"https:\/\/api.w.org\/{rel}","templated":true}]}}