{"id":107565,"date":"2022-05-12T09:20:16","date_gmt":"2022-05-12T07:20:16","guid":{"rendered":"http:\/\/www.messinaoggi.it\/website\/?p=107565"},"modified":"2022-05-12T09:20:18","modified_gmt":"2022-05-12T07:20:18","slug":"de-domenico-incontra-gli-infermieri-di-messina","status":"publish","type":"post","link":"https:\/\/www.messinaoggi.it\/website\/2022\/05\/12\/de-domenico-incontra-gli-infermieri-di-messina\/","title":{"rendered":"De Domenico incontra gli infermieri di Messina"},"content":{"rendered":"\n<p>Franco De Domenico, candidato sindaco a Messina della coalizione di centrosinistra, ha incontrato questa sera i consiglieri dell\u2019Ordine delle professioni infermieristiche, nel ciclo di appuntamenti con tutti gli aspiranti sindaci. Il presidente provinciale dell\u2019Opi Antonio Trino e i consiglieri hanno evidenziato quanto sia importante che il sindaco si riappropri del ruolo di massima autorit\u00e0 sanitaria del Comune. \u201cIl sindaco \u2013 ha osservato De Domenico \u2013 ricopre anche il delicato ruolo di garante della sicurezza dei cittadini, una responsabilit\u00e0 che deve assumere con seriet\u00e0 istituzionale e concretezza\u201d. Il candidato ha poi ricordato come i fondi Pnrr siano una risorsa utilissima per la sanit\u00e0 cittadina \u201crisorse che potrebbero essere impiegate per la realizzazione di presidi sanitari di emergenza all\u2019interno delle Municipalit\u00e0 messinesi, in grado di garantire un\u2019assistenza capillare agli abitanti in ogni parte della citt\u00e0, in particolar modo nelle zone pi\u00f9 distanti dagli ospedali e nei villaggi collinari. Inoltre, la telemedicina e, proposta del candidato, l\u2019istituzione di un tavolo della Salute, uno strumento, da calendizzare periodicamente, di confronto e collegamento con le professioni sanitarie e che lavorano sempre con grande senso di responsabilit\u00e0, altissima professionalit\u00e0, non risparmiandosi mai anche nei momenti e nelle situazioni pi\u00f9 drammatiche\u201d.<div id=\"div-gpt-ad-Messinaoggi.it-DSK-300x250-corpoart\" style=\"text-align:center;margin:0 auto;\"><\/div><\/p>\n<div id=\"videoincontent\" style=\"clear:both\";><\/div>","protected":false},"excerpt":{"rendered":"<p>Franco De Domenico, candidato sindaco a Messina della coalizione di centrosinistra, ha incontrato questa sera i consiglieri dell\u2019Ordine delle professioni infermieristiche, nel ciclo di appuntamenti con tutti gli aspiranti sindaci. Il presidente provinciale dell\u2019Opi Antonio Trino e i consiglieri hanno evidenziato quanto sia importante che il sindaco si riappropri del ruolo di massima autorit\u00e0 sanitaria [&hellip;]<\/p>\n","protected":false},"author":2,"featured_media":107205,"comment_status":"open","ping_status":"open","sticky":false,"template":"","format":"standard","meta":{"ub_ctt_via":"","_mi_skip_tracking":false},"categories":[4],"tags":[4012,4159,2059],"featured_image_src":"https:\/\/www.messinaoggi.it\/website\/wp-content\/uploads\/2022\/05\/franco-de-domenico-1.jpg","author_info":{"display_name":"Redazione","author_link":"https:\/\/www.messinaoggi.it\/website\/author\/redazione\/"},"digistream_id":0,"digistream":false,"_links":{"self":[{"href":"https:\/\/www.messinaoggi.it\/website\/wp-json\/wp\/v2\/posts\/107565"}],"collection":[{"href":"https:\/\/www.messinaoggi.it\/website\/wp-json\/wp\/v2\/posts"}],"about":[{"href":"https:\/\/www.messinaoggi.it\/website\/wp-json\/wp\/v2\/types\/post"}],"author":[{"embeddable":true,"href":"https:\/\/www.messinaoggi.it\/website\/wp-json\/wp\/v2\/users\/2"}],"replies":[{"embeddable":true,"href":"https:\/\/www.messinaoggi.it\/website\/wp-json\/wp\/v2\/comments?post=107565"}],"version-history":[{"count":1,"href":"https:\/\/www.messinaoggi.it\/website\/wp-json\/wp\/v2\/posts\/107565\/revisions"}],"predecessor-version":[{"id":107566,"href":"https:\/\/www.messinaoggi.it\/website\/wp-json\/wp\/v2\/posts\/107565\/revisions\/107566"}],"wp:featuredmedia":[{"embeddable":true,"href":"https:\/\/www.messinaoggi.it\/website\/wp-json\/wp\/v2\/media\/107205"}],"wp:attachment":[{"href":"https:\/\/www.messinaoggi.it\/website\/wp-json\/wp\/v2\/media?parent=107565"}],"wp:term":[{"taxonomy":"category","embeddable":true,"href":"https:\/\/www.messinaoggi.it\/website\/wp-json\/wp\/v2\/categories?post=107565"},{"taxonomy":"post_tag","embeddable":true,"href":"https:\/\/www.messinaoggi.it\/website\/wp-json\/wp\/v2\/tags?post=107565"}],"curies":[{"name":"wp","href":"https:\/\/api.w.org\/{rel}","templated":true}]}}