{"id":107405,"date":"2022-05-11T10:19:04","date_gmt":"2022-05-11T08:19:04","guid":{"rendered":"http:\/\/www.messinaoggi.it\/website\/?p=107405"},"modified":"2022-05-11T10:28:46","modified_gmt":"2022-05-11T08:28:46","slug":"referendum-montemare-il-comitato-promotore-ne-chiede-lo-spostamento-quello-del-no-temono-il-voto-dei-messinesi","status":"publish","type":"post","link":"https:\/\/www.messinaoggi.it\/website\/2022\/05\/11\/referendum-montemare-il-comitato-promotore-ne-chiede-lo-spostamento-quello-del-no-temono-il-voto-dei-messinesi\/","title":{"rendered":"Referendum Montemare: il comitato promotore ne chiede lo spostamento, quello del No: &#8220;Temono il voto dei messinesi&#8221;"},"content":{"rendered":"\n<p>Il comitato No Montemare ha commentato la decisione del suo comitato avversario, il comitato Promotore Montemare Comune, di depositare al TAR di Catania un ricorso (<a href=\"http:\/\/www.messinaoggi.it\/website\/wp-content\/uploads\/2022\/05\/Ricorso_Montemare_Comune_-_Maggio_2022.pdf\">qui il documento integrale<\/a>) contro l\u2019indizione del referendum sull\u2019istituzione del comune di Montemare il 12 giugno, in corrispondenza di altri appuntamenti elettorali (elezioni amministrative e referendum sulla giustizia). Il TAR si pronuncer\u00e0 sulla richiesta di sospensiva del voto referendario il 25 maggio.<div id=\"div-gpt-ad-Messinaoggi.it-DSK-300x250-corpoart\" style=\"text-align:center;margin:0 auto;\"><\/div><\/p>\n\n\n\n<p><strong>Il ricorso.<\/strong> In breve, al netto degli aspetti tecnici, per il comitato favorevole a Montemare il fatto che i cittadini siano chiamati a esprimere contemporaneamente diverse preferenze su diversi argomenti rappresenta una \u201cmortificazione della consultazione referendaria che fa seguito ad un&#8217;istruttoria durata 13 anni\u201d.<div id=\"videoincontent\" style=\"clear:both\";><\/div><\/p>\n\n\n\n<p>Dal canto suo, il comitato No Montemare vede in quello del suo comitato avversario un tentativo di far s\u00ec che vadano a votare meno persone possibili, e in particolare i messinesi che non risiedono nella zona interessata dall\u2019eventuale comune di Montemare, cio\u00e8 quella frazione di messinesi verosimilmente meno interessata ad andare a votare per esprimere una preferenza.<\/p>\n\n\n\n<p>A supporto di questa tesi, i contrari a Montemare ricordano che il referendum viaggia su due quorum paralleli, met\u00e0 + 1 degli elettori che risiedono nell\u2019area di Montemare (circa 3500 messinesi) e met\u00e0 + 1 degli elettori restanti (circa 110 mila messinesi), e che \u00e8 sufficiente raggiungere una delle due soglie affinch\u00e9 il referendum sia ritenuto valido. In altre parole, sarebbe sufficiente raggiungere il primo quorum, e dunque che votino pi\u00f9 3500 persone, per decidere le sorti di un intero comune che conta quasi 240 mila abitanti.<\/p>\n\n\n\n<p>\u201cSarebbe pi\u00f9 corretto e democratico per il Comitato promotore il meccanismo del doppio quorum in cui l&#8217;1,5% della popolazione potrebbe decidere per il distacco di 1\/3 di Messina? Sarebbe pi\u00f9 democratica la difficolt\u00e0 di portare al voto pi\u00f9 di 110.000 persone (quorum a Messina citt\u00e0), rispetto al portarne 3.500 (quorum area Montemare)? \u2013 si chiede il comitato No Montemare \u2013 Ma, d\u2019altronde, il Comitato promotore \u00e8 lo stesso che, nel 2012, aveva addirittura chiesto che i residenti a Messina non votassero.<\/p>\n\n\n\n<p>\u201cNo, non \u00e8 democratico continuare ad attaccare la partecipazione, quella partecipazione che \u00e8 voce dei cittadini, quella partecipazione che \u00e8 attivismo, quella partecipazione ed espressione democratica fatta di idee e contenuti, quella partecipazione a cui noi crediamo e che evidentemente cozza con chi voleva mantenere &#8220;Montemare&#8221; un progetto confinato a qualche villaggio coinvolto, quanto bastava per assicurarsi una poltrona come rendita.<\/p>\n\n\n\n<p>\u201cAd ulteriore testimonianza della malafede di questo ricorso, fatto con l&#8217;unico intento di attentare all&#8217;espressione della cittadinanza per mera convenienza, nel ricorso medesimo il Comitato promotore scrive che sarebbero anche ben disposti ad accettare un accorpamento con le elezioni regionali. Insomma, il problema sono le Comunali, il voto dei cittadini e l&#8217;incapacit\u00e0, a quanto pare, da parte del Comitato promotore di convincere le persone della bont\u00e0 di un progetto che, per noi, fa acqua da tutte le parti (e lo abbiamo sinora dimostrato a suon di numeri e dati e non gi\u00e0 di ricorsi, false promesse ed insulti)&#8221;.<\/p>\n","protected":false},"excerpt":{"rendered":"<p>Il comitato No Montemare ha commentato la decisione del suo comitato avversario, il comitato Promotore Montemare Comune, di depositare al TAR di Catania un ricorso (qui il documento integrale) contro l\u2019indizione del referendum sull\u2019istituzione del comune di Montemare il 12 giugno, in corrispondenza di altri appuntamenti elettorali (elezioni amministrative e referendum sulla giustizia). Il TAR [&hellip;]<\/p>\n","protected":false},"author":8,"featured_media":0,"comment_status":"open","ping_status":"open","sticky":false,"template":"","format":"standard","meta":{"ub_ctt_via":"","_mi_skip_tracking":false},"categories":[6],"tags":[3240],"featured_image_src":null,"author_info":{"display_name":"red..me","author_link":"https:\/\/www.messinaoggi.it\/website\/author\/redstage\/"},"digistream_id":0,"digistream":false,"_links":{"self":[{"href":"https:\/\/www.messinaoggi.it\/website\/wp-json\/wp\/v2\/posts\/107405"}],"collection":[{"href":"https:\/\/www.messinaoggi.it\/website\/wp-json\/wp\/v2\/posts"}],"about":[{"href":"https:\/\/www.messinaoggi.it\/website\/wp-json\/wp\/v2\/types\/post"}],"author":[{"embeddable":true,"href":"https:\/\/www.messinaoggi.it\/website\/wp-json\/wp\/v2\/users\/8"}],"replies":[{"embeddable":true,"href":"https:\/\/www.messinaoggi.it\/website\/wp-json\/wp\/v2\/comments?post=107405"}],"version-history":[{"count":2,"href":"https:\/\/www.messinaoggi.it\/website\/wp-json\/wp\/v2\/posts\/107405\/revisions"}],"predecessor-version":[{"id":107412,"href":"https:\/\/www.messinaoggi.it\/website\/wp-json\/wp\/v2\/posts\/107405\/revisions\/107412"}],"wp:attachment":[{"href":"https:\/\/www.messinaoggi.it\/website\/wp-json\/wp\/v2\/media?parent=107405"}],"wp:term":[{"taxonomy":"category","embeddable":true,"href":"https:\/\/www.messinaoggi.it\/website\/wp-json\/wp\/v2\/categories?post=107405"},{"taxonomy":"post_tag","embeddable":true,"href":"https:\/\/www.messinaoggi.it\/website\/wp-json\/wp\/v2\/tags?post=107405"}],"curies":[{"name":"wp","href":"https:\/\/api.w.org\/{rel}","templated":true}]}}