{"id":107395,"date":"2022-05-11T15:00:56","date_gmt":"2022-05-11T13:00:56","guid":{"rendered":"http:\/\/www.messinaoggi.it\/website\/?p=107395"},"modified":"2022-05-11T09:07:54","modified_gmt":"2022-05-11T07:07:54","slug":"bicincitta-domenica-raduno-e-partenza-da-piazza-duomo","status":"publish","type":"post","link":"https:\/\/www.messinaoggi.it\/website\/2022\/05\/11\/bicincitta-domenica-raduno-e-partenza-da-piazza-duomo\/","title":{"rendered":"Bicincitt\u00e0, domenica raduno e partenza da piazza Duomo"},"content":{"rendered":"\n<p>Domenica 15, con raduno alle 8 e partenza alle 9.30 da Piazza Duomo, si svolger\u00e0 la manifestazione ciclistica \u201cBicincitt\u00e0\u201d che interesser\u00e0 corso Cavour, via Cannizzaro, piazza Cairoli, viale San Martino (carreggiata monte) fino a viale Europa, viale San Martino (carreggiata mare), vie XXVII Luglio, Ugo Bassi, Cannizzaro, Garibaldi, Loggia dei Mercanti (piazza Duomo per i pi\u00f9 piccoli), Argentieri, Gasparro, Cavalieri della Stella, S. Cristoforo, XXIV Maggio, viale Boccetta, Garibaldi, piazza Castronovo, viali Giostra, Regina Elena, Regina Margherita, Principe Umberto (pausa ristoro antistante Sacrario Cristo Re), Italia ed Europa, vie Catania, San Cosimo, Maregrosso, Salandra, La Farina, Trieste, Geraci, Cesare Battisti e I Settembre, con arrivo in piazza Duomo. Per consentire lo svolgimento di Bicincitt\u00e0 e per una migliore fluidificazione del traffico veicolare, il dipartimento Mobilit\u00e0 Urbana ha disposto limitazioni viarie. Sar\u00e0 pertanto interdetta la circolazione viaria nelle strade interessate limitatamente al passaggio della carovana cicloturistica, ad esclusione delle intersezioni con impianto semaforico che saranno presidiate.<div id=\"div-gpt-ad-Messinaoggi.it-DSK-300x250-corpoart\" style=\"text-align:center;margin:0 auto;\"><\/div><\/p>\n\n\n\n<p>Divieto di sosta in un tratto di via Fabrizi.<br>Da gioved\u00ec 12 a marted\u00ec 17, nella fascia oraria 7-16, sar\u00e0 istituito il divieto di sosta, con zona rimozione coatta, sul lato sud di via Nicola Fabrizi (antistante l\u2019isolato 194), per una lunghezza di sei metri, negli spazi riservati alla sosta di ciclomotori e motocicli, nel tratto compreso tra piazza Cairoli e via Ugo Bassi, provvedendo, eventualmente, ad interdire, temporaneamente, con l\u2019ausilio di movieri, segnaletica stradale e barriere, il transito pedonale nel rispettivo tratto di marciapiede, durante quelle fasi che si dovessero ritenere necessarie e garantendo la continuit\u00e0 del transito pedonale sul marciapiede del lato opposto, mediante la collocazione di idonea segnaletica di indicazione e con l\u2019ausilio di movieri. Il provvedimento \u00e8 stato adottato per il posizionamento di un cassone scarrabile per provvedere allo smaltimento di materiale cartaceo presente nell\u2019archivio di alcuni uffici.<div id=\"videoincontent\" style=\"clear:both\";><\/div><\/p>\n","protected":false},"excerpt":{"rendered":"<p>Domenica 15, con raduno alle 8 e partenza alle 9.30 da Piazza Duomo, si svolger\u00e0 la manifestazione ciclistica \u201cBicincitt\u00e0\u201d che interesser\u00e0 corso Cavour, via Cannizzaro, piazza Cairoli, viale San Martino (carreggiata monte) fino a viale Europa, viale San Martino (carreggiata mare), vie XXVII Luglio, Ugo Bassi, Cannizzaro, Garibaldi, Loggia dei Mercanti (piazza Duomo per i [&hellip;]<\/p>\n","protected":false},"author":4,"featured_media":51600,"comment_status":"open","ping_status":"open","sticky":false,"template":"","format":"standard","meta":{"ub_ctt_via":"","_mi_skip_tracking":false},"categories":[5],"tags":[4479,2322],"featured_image_src":"https:\/\/www.messinaoggi.it\/website\/wp-content\/uploads\/2021\/01\/controlli-anticovid-duomo-1.jpg","author_info":{"display_name":"redme","author_link":"https:\/\/www.messinaoggi.it\/website\/author\/redme\/"},"digistream_id":0,"digistream":false,"_links":{"self":[{"href":"https:\/\/www.messinaoggi.it\/website\/wp-json\/wp\/v2\/posts\/107395"}],"collection":[{"href":"https:\/\/www.messinaoggi.it\/website\/wp-json\/wp\/v2\/posts"}],"about":[{"href":"https:\/\/www.messinaoggi.it\/website\/wp-json\/wp\/v2\/types\/post"}],"author":[{"embeddable":true,"href":"https:\/\/www.messinaoggi.it\/website\/wp-json\/wp\/v2\/users\/4"}],"replies":[{"embeddable":true,"href":"https:\/\/www.messinaoggi.it\/website\/wp-json\/wp\/v2\/comments?post=107395"}],"version-history":[{"count":1,"href":"https:\/\/www.messinaoggi.it\/website\/wp-json\/wp\/v2\/posts\/107395\/revisions"}],"predecessor-version":[{"id":107397,"href":"https:\/\/www.messinaoggi.it\/website\/wp-json\/wp\/v2\/posts\/107395\/revisions\/107397"}],"wp:featuredmedia":[{"embeddable":true,"href":"https:\/\/www.messinaoggi.it\/website\/wp-json\/wp\/v2\/media\/51600"}],"wp:attachment":[{"href":"https:\/\/www.messinaoggi.it\/website\/wp-json\/wp\/v2\/media?parent=107395"}],"wp:term":[{"taxonomy":"category","embeddable":true,"href":"https:\/\/www.messinaoggi.it\/website\/wp-json\/wp\/v2\/categories?post=107395"},{"taxonomy":"post_tag","embeddable":true,"href":"https:\/\/www.messinaoggi.it\/website\/wp-json\/wp\/v2\/tags?post=107395"}],"curies":[{"name":"wp","href":"https:\/\/api.w.org\/{rel}","templated":true}]}}