{"id":107373,"date":"2022-05-10T20:07:33","date_gmt":"2022-05-10T18:07:33","guid":{"rendered":"https:\/\/www.messinaoggi.it\/website\/2022\/05\/10\/inzaghi-juve-molto-forte-fieri-di-essere-in-finale\/"},"modified":"2022-05-11T10:34:48","modified_gmt":"2022-05-11T08:34:48","slug":"inzaghi-juve-molto-forte-fieri-di-essere-in-finale","status":"publish","type":"post","link":"https:\/\/www.messinaoggi.it\/website\/2022\/05\/10\/inzaghi-juve-molto-forte-fieri-di-essere-in-finale\/","title":{"rendered":"Inzaghi \u201cJuve molto forte, fieri di essere in finale\u201d"},"content":{"rendered":"<div>ROMA (ITALPRESS) &#8211; &#8220;I dettagli faranno la differenza, sappiamo che ci sar\u00e0 grande qualit\u00e0 domani in campo, dovremo essere bravi a gestire gli episodi&#8221;. Lo ha dichiarato Simone Inzaghi in conferenza stampa alla vigilia della finale di Coppa Italia tra Inter e Juventus. &#8220;Essere qui \u00e8 un motivo di grande orgoglio, sar\u00e0 una partita trasmessa in tutto il mondo, una sfida importantissima &#8211; ha proseguito il tecnico nerazzurro &#8211; Per me non ci sono ricette precise per vincere le finali, vanno giocate con corsa, aggressivit\u00e0 e determinazione sapendo che abbiamo un avversario molto forte e dovremo dare il 120% per alzare il secondo trofeo stagionale&#8221;. Non \u00e8 ancora tempo di bilanci, ma Inzaghi \u00e8 gi\u00e0 nelle condizioni di dire: &#8220;Penso che abbiamo fatto un grandissimo lavoro grazie alla societ\u00e0, ai ragazzi e a tifosi fantastici. Abbiamo lavorato in un&#8217;unica direzione: lo scorso luglio non mi sarei aspettato tutto questo. Sappiamo quanto sia importante questa settimana, per tutti. Insieme allo staff sappiamo ci\u00f2 che abbiamo fatto in questo percorso, com&#8217;\u00e8 cominciato il nostro lavoro all&#8217;Inter, strada facendo siamo stati molto bravi grazie ai ragazzi che ci hanno seguito durante la stagione. Le aspettative sono cresciute e sono ben accette: abbiamo vinto il primo trofeo a gennaio con la Supercoppa ma \u00e8 giusto guardare al futuro e questa finale \u00e8 importantissima, poi penseremo alle ultime due giornate in cui ci giocheremo lo scudetto con il Milan&#8221;. Per lui avr\u00e0 un sapore particolare giocare la finale all&#8217;Olimpico, lo stadio della sua vita. &#8220;Qui ho fatto la mia carriera da giocatore e da allenatore, ho passato tanti anni, rivedr\u00f2 tante persone che mi hanno voluto bene e mi hanno fatto stare bene. Ora sono all&#8217;Inter, ne sono orgoglioso e siamo pronti per giocarci Coppa Italia e scudetto&#8221;, spiega il tecnico nerazzurro. &#8220;Contro i bianconeri abbiamo giocato tre volte quest&#8217;anno, tutte partite diverse, ognuna con la propria storia, con le proprie tattiche. Sar\u00e0 una sfida aperta domani sera, dovremo sbagliare il meno possibile. Bisogner\u00e0 mettere il cuore in campo, lo abbiamo sempre fatto finora in stagione e lo faremo anche domani&#8221;.<br \/>\n&#8211; foto LivePhotoSport &#8211;<br \/>\n(ITALPRESS).<\/div>\n<div id=\"div-gpt-ad-Messinaoggi.it-DSK-300x250-corpoart\" style=\"text-align:center;margin:0 auto;\"><\/div><\/p><div id=\"videoincontent\" style=\"clear:both\";><\/div>","protected":false},"excerpt":{"rendered":"<p>ROMA (ITALPRESS) &#8211; &#8220;I dettagli faranno la differenza, sappiamo che ci sar\u00e0 grande qualit\u00e0 domani in campo, dovremo essere bravi a gestire gli episodi&#8221;. Lo ha dichiarato Simone Inzaghi in conferenza stampa alla vigilia della finale di Coppa Italia tra Inter e Juventus. &#8220;Essere qui \u00e8 un motivo di grande orgoglio, sar\u00e0 una partita trasmessa [&hellip;]<\/p>\n","protected":false},"author":18,"featured_media":107374,"comment_status":"closed","ping_status":"closed","sticky":false,"template":"","format":"standard","meta":{"ub_ctt_via":"","_mi_skip_tracking":false},"categories":[10,446,9],"tags":[783],"featured_image_src":"https:\/\/www.messinaoggi.it\/website\/wp-content\/uploads\/2022\/05\/inzaghi_live_220505.jpg","author_info":{"display_name":"Admin","author_link":"https:\/\/www.messinaoggi.it\/website\/author\/admin\/"},"digistream_id":0,"digistream":false,"_links":{"self":[{"href":"https:\/\/www.messinaoggi.it\/website\/wp-json\/wp\/v2\/posts\/107373"}],"collection":[{"href":"https:\/\/www.messinaoggi.it\/website\/wp-json\/wp\/v2\/posts"}],"about":[{"href":"https:\/\/www.messinaoggi.it\/website\/wp-json\/wp\/v2\/types\/post"}],"author":[{"embeddable":true,"href":"https:\/\/www.messinaoggi.it\/website\/wp-json\/wp\/v2\/users\/18"}],"replies":[{"embeddable":true,"href":"https:\/\/www.messinaoggi.it\/website\/wp-json\/wp\/v2\/comments?post=107373"}],"version-history":[{"count":1,"href":"https:\/\/www.messinaoggi.it\/website\/wp-json\/wp\/v2\/posts\/107373\/revisions"}],"predecessor-version":[{"id":107420,"href":"https:\/\/www.messinaoggi.it\/website\/wp-json\/wp\/v2\/posts\/107373\/revisions\/107420"}],"wp:featuredmedia":[{"embeddable":true,"href":"https:\/\/www.messinaoggi.it\/website\/wp-json\/wp\/v2\/media\/107374"}],"wp:attachment":[{"href":"https:\/\/www.messinaoggi.it\/website\/wp-json\/wp\/v2\/media?parent=107373"}],"wp:term":[{"taxonomy":"category","embeddable":true,"href":"https:\/\/www.messinaoggi.it\/website\/wp-json\/wp\/v2\/categories?post=107373"},{"taxonomy":"post_tag","embeddable":true,"href":"https:\/\/www.messinaoggi.it\/website\/wp-json\/wp\/v2\/tags?post=107373"}],"curies":[{"name":"wp","href":"https:\/\/api.w.org\/{rel}","templated":true}]}}