{"id":107303,"date":"2022-05-10T13:04:33","date_gmt":"2022-05-10T11:04:33","guid":{"rendered":"http:\/\/www.messinaoggi.it\/website\/?p=107303"},"modified":"2022-05-10T13:04:35","modified_gmt":"2022-05-10T11:04:35","slug":"amministrative-presentati-i-candidati-presidenti-delle-sei-circoscrizioni-per-il-centro-sinistra","status":"publish","type":"post","link":"https:\/\/www.messinaoggi.it\/website\/2022\/05\/10\/amministrative-presentati-i-candidati-presidenti-delle-sei-circoscrizioni-per-il-centro-sinistra\/","title":{"rendered":"Amministrative, presentati i candidati presidenti delle sei circoscrizioni per il centro sinistra"},"content":{"rendered":"\n<p>Sono ufficiali i nomi dei candidati presidenti nelle sei Circoscrizioni cittadine della coalizione di centrosinistra. \u201cUn lavoro attento, fatto con gli alleati che sostengono la mia candidatura a sindaco, dove l\u2019esperienza di coloro che da anni sono impegnati sul territorio, incontra la freschezza e il valore di giovani che, in ambiti diversi, da tempo, si adoperano e portano il loro contributo a servizio della nostra comunit\u00e0. Ho ribadito pi\u00f9 volte, dall\u2019inizio di questa campagna elettorale, quanto sia importante per il nostro progetto di governo della citt\u00e0 mettere al centro i quartieri, creare una sinergia rapida tra amministrazione e circoscrizioni, pertanto, \u00e8 fondamentale avere al fianco persone di qualit\u00e0 come quelle che abbiamo scelto\u201d. Cos\u00ec, Franco De Domenico, commentando la sintesi che viene fuori dai sei profili proposti.<div id=\"div-gpt-ad-Messinaoggi.it-DSK-300x250-corpoart\" style=\"text-align:center;margin:0 auto;\"><\/div><\/p>\n\n\n\n<p>Alla Prima Circoscrizione Francesco Greco, 26 anni, tra i fondatori del Comitato \u2018Salviamo Galati Marina\u2019 e impegnato nel direttivo della ProLoco Messina Sud. Gi\u00e0 presidente della Consulta provinciale degli studenti e presidente della commissione nazionale sul Diritto allo studio. Tra i fondatori del Comitato \u2018Giovani No Muos\u2019, \u00e8 stato eletto agli Stati Generali nazionali del M5s.<div id=\"videoincontent\" style=\"clear:both\";><\/div><\/p>\n\n\n\n<p>Seconda Circoscrizione, Giampiero Terranova, 58 anni. Il suo impegno per il territorio nasce dall\u2019associazionismo e si sviluppa attraverso numerose iniziative volte a valorizzare i beni culturali e le bellezze della citt\u00e0. Eletto alla Circoscrizione sin dal 2008, ha maturato una grande esperienza nel rapporto con i problemi del territorio.<\/p>\n\n\n\n<p>Terza Circoscrizione Alessandro Geraci, 42 anni, vicepresidente uscente. \u00c8 stato department manager e tutor per la formazione del personale nel settore della Gdo; da diversi anni lavora con deputati regionali e nazionali, curandone la comunicazione politica, social e le relazioni pubbliche.<\/p>\n\n\n\n<p>Quarta Circoscrizione Matteo Grasso, quarantenne, avvocato. Cresciuto nella zona di piazza San Vincenzo, \u00e8 stato eletto consigliere nella quarta circoscrizione nel 2013.<\/p>\n\n\n\n<p>Alla Quinta Circoscrizione Giulio Fragale, 30 anni, praticante avvocato in attesa di sostenere l\u2019esame di abilitazione. Rappresentante degli studenti allo \u2018Jaci\u2019, consigliere di dipartimento presso il Dipartimento di Giurisprudenza, \u00e8 attualmente coordinatore della Consulta del Praticante della Camera Civile di Messina.<\/p>\n\n\n\n<p>Sesta Circoscrizione, Mario Biancuzzo, 72 anni, ragioniere, vive a San Saba. \u00c8 stato consigliere e presidente del Consiglio del XII Quartiere \u2018Montemare\u2019. \u00c8 attualmente consigliere in carica in quella che \u00e8 poi divenuta, appunto, la Sesta Circoscrizione del Comune di Messina.<\/p>\n","protected":false},"excerpt":{"rendered":"<p>Sono ufficiali i nomi dei candidati presidenti nelle sei Circoscrizioni cittadine della coalizione di centrosinistra. \u201cUn lavoro attento, fatto con gli alleati che sostengono la mia candidatura a sindaco, dove l\u2019esperienza di coloro che da anni sono impegnati sul territorio, incontra la freschezza e il valore di giovani che, in ambiti diversi, da tempo, si [&hellip;]<\/p>\n","protected":false},"author":8,"featured_media":107205,"comment_status":"open","ping_status":"open","sticky":false,"template":"","format":"standard","meta":{"ub_ctt_via":"","_mi_skip_tracking":false},"categories":[4],"tags":[4012,2734,2059],"featured_image_src":"https:\/\/www.messinaoggi.it\/website\/wp-content\/uploads\/2022\/05\/franco-de-domenico-1.jpg","author_info":{"display_name":"red..me","author_link":"https:\/\/www.messinaoggi.it\/website\/author\/redstage\/"},"digistream_id":0,"digistream":false,"_links":{"self":[{"href":"https:\/\/www.messinaoggi.it\/website\/wp-json\/wp\/v2\/posts\/107303"}],"collection":[{"href":"https:\/\/www.messinaoggi.it\/website\/wp-json\/wp\/v2\/posts"}],"about":[{"href":"https:\/\/www.messinaoggi.it\/website\/wp-json\/wp\/v2\/types\/post"}],"author":[{"embeddable":true,"href":"https:\/\/www.messinaoggi.it\/website\/wp-json\/wp\/v2\/users\/8"}],"replies":[{"embeddable":true,"href":"https:\/\/www.messinaoggi.it\/website\/wp-json\/wp\/v2\/comments?post=107303"}],"version-history":[{"count":1,"href":"https:\/\/www.messinaoggi.it\/website\/wp-json\/wp\/v2\/posts\/107303\/revisions"}],"predecessor-version":[{"id":107304,"href":"https:\/\/www.messinaoggi.it\/website\/wp-json\/wp\/v2\/posts\/107303\/revisions\/107304"}],"wp:featuredmedia":[{"embeddable":true,"href":"https:\/\/www.messinaoggi.it\/website\/wp-json\/wp\/v2\/media\/107205"}],"wp:attachment":[{"href":"https:\/\/www.messinaoggi.it\/website\/wp-json\/wp\/v2\/media?parent=107303"}],"wp:term":[{"taxonomy":"category","embeddable":true,"href":"https:\/\/www.messinaoggi.it\/website\/wp-json\/wp\/v2\/categories?post=107303"},{"taxonomy":"post_tag","embeddable":true,"href":"https:\/\/www.messinaoggi.it\/website\/wp-json\/wp\/v2\/tags?post=107303"}],"curies":[{"name":"wp","href":"https:\/\/api.w.org\/{rel}","templated":true}]}}