{"id":107289,"date":"2022-05-10T11:04:43","date_gmt":"2022-05-10T09:04:43","guid":{"rendered":"http:\/\/www.messinaoggi.it\/website\/?p=107289"},"modified":"2022-05-10T11:04:45","modified_gmt":"2022-05-10T09:04:45","slug":"digitale-messina-capitale-del-computer-grazie-a-unime","status":"publish","type":"post","link":"https:\/\/www.messinaoggi.it\/website\/2022\/05\/10\/digitale-messina-capitale-del-computer-grazie-a-unime\/","title":{"rendered":"Digitale, Messina capitale del computer grazie a UniMe"},"content":{"rendered":"\n<p>L&#8217;Universit\u00e0 di\u00a0<strong>MESSINA<\/strong>diventa capitale del digitale: quattro giorni interamente dedicati al futuro dell&#8217;informatica, ai sistemi pi\u00f9 sofisticati e all&#8217;avanguardia, alla transizione tecnologica che ormai tutte le amministrazioni devono rispettare per proiettarsi nei decenni.\u00a0I massimi esperti mondiali di computer si confronteranno all&#8217;Hotel Villa Diodoro di Taormina, da marted\u00ec 17 a gioved\u00ec 19 maggio, in occasione della Conferenza scientifica internazionale &#8216;IEEE-CCGrid2022&#8217;, per la prima volta in Italia.\u00a0L&#8217;evento &#8211; che coinvolge i ricercatori e da tutto il mondo nel campo della Computer Science, Computer Engineering e Data Science &#8211; sar\u00e0 anticipato dal &#8216;\u00a0<strong>MESSINA<\/strong>Digital Day&#8217;, in programma luned\u00ec 16 maggio al rettorato dell&#8217;UniMe: appuntamenti promossi da Massimo Villari, ingegnere e ordinario di Informatica dell&#8217;Ateneo peloritano, coordinatore del corso di laurea e gi\u00e0 delegato del rettore per i servizi Ict.\u00a0&#8220;Si tratta di una manifestazione di respiro internazionale che dar\u00e0 grande lustro alla nostra universit\u00e0 &#8211; spiega Villari -, per tale ragione abbiamo voluto arricchire il congresso con il\u00a0<strong>MESSINA<\/strong>Digital Day che ha l&#8217;obiettivo di approfondire le pi\u00f9 recenti tecnologie informatiche attualmente in discussione nella comunit\u00e0 scientifica e condividere con la citt\u00e0 la visione di esperti, tra i pi\u00f9 autorevoli e influenti.\u00a0Parteciperanno anche manager di aziende leader nel settore, funzionari della Commissione Europea e personalit\u00e0 locali per fare il punto sulla trasformazione digitale, analizzata da diversi punti di vista e in diverse aree di applicazione&#8221;.<div id=\"div-gpt-ad-Messinaoggi.it-DSK-300x250-corpoart\" style=\"text-align:center;margin:0 auto;\"><\/div><\/p>\n<div id=\"videoincontent\" style=\"clear:both\";><\/div>","protected":false},"excerpt":{"rendered":"<p>L&#8217;Universit\u00e0 di\u00a0MESSINAdiventa capitale del digitale: quattro giorni interamente dedicati al futuro dell&#8217;informatica, ai sistemi pi\u00f9 sofisticati e all&#8217;avanguardia, alla transizione tecnologica che ormai tutte le amministrazioni devono rispettare per proiettarsi nei decenni.\u00a0I massimi esperti mondiali di computer si confronteranno all&#8217;Hotel Villa Diodoro di Taormina, da marted\u00ec 17 a gioved\u00ec 19 maggio, in occasione della Conferenza [&hellip;]<\/p>\n","protected":false},"author":2,"featured_media":44040,"comment_status":"open","ping_status":"open","sticky":false,"template":"","format":"standard","meta":{"ub_ctt_via":"","_mi_skip_tracking":false},"categories":[7],"tags":[4477,2510,612],"featured_image_src":"https:\/\/www.messinaoggi.it\/website\/wp-content\/uploads\/2020\/05\/salvatore-cuzzocrea.jpg","author_info":{"display_name":"Redazione","author_link":"https:\/\/www.messinaoggi.it\/website\/author\/redazione\/"},"digistream_id":0,"digistream":false,"_links":{"self":[{"href":"https:\/\/www.messinaoggi.it\/website\/wp-json\/wp\/v2\/posts\/107289"}],"collection":[{"href":"https:\/\/www.messinaoggi.it\/website\/wp-json\/wp\/v2\/posts"}],"about":[{"href":"https:\/\/www.messinaoggi.it\/website\/wp-json\/wp\/v2\/types\/post"}],"author":[{"embeddable":true,"href":"https:\/\/www.messinaoggi.it\/website\/wp-json\/wp\/v2\/users\/2"}],"replies":[{"embeddable":true,"href":"https:\/\/www.messinaoggi.it\/website\/wp-json\/wp\/v2\/comments?post=107289"}],"version-history":[{"count":1,"href":"https:\/\/www.messinaoggi.it\/website\/wp-json\/wp\/v2\/posts\/107289\/revisions"}],"predecessor-version":[{"id":107290,"href":"https:\/\/www.messinaoggi.it\/website\/wp-json\/wp\/v2\/posts\/107289\/revisions\/107290"}],"wp:featuredmedia":[{"embeddable":true,"href":"https:\/\/www.messinaoggi.it\/website\/wp-json\/wp\/v2\/media\/44040"}],"wp:attachment":[{"href":"https:\/\/www.messinaoggi.it\/website\/wp-json\/wp\/v2\/media?parent=107289"}],"wp:term":[{"taxonomy":"category","embeddable":true,"href":"https:\/\/www.messinaoggi.it\/website\/wp-json\/wp\/v2\/categories?post=107289"},{"taxonomy":"post_tag","embeddable":true,"href":"https:\/\/www.messinaoggi.it\/website\/wp-json\/wp\/v2\/tags?post=107289"}],"curies":[{"name":"wp","href":"https:\/\/api.w.org\/{rel}","templated":true}]}}