{"id":107187,"date":"2022-05-09T13:47:12","date_gmt":"2022-05-09T11:47:12","guid":{"rendered":"http:\/\/www.messinaoggi.it\/website\/?p=107187"},"modified":"2022-05-09T13:47:13","modified_gmt":"2022-05-09T11:47:13","slug":"amministrative-i-partiti-europeisti-scelgono-de-domenico","status":"publish","type":"post","link":"https:\/\/www.messinaoggi.it\/website\/2022\/05\/09\/amministrative-i-partiti-europeisti-scelgono-de-domenico\/","title":{"rendered":"Amministrative, i partiti europeisti scelgono De Domenico"},"content":{"rendered":"\n<p>L\u2019area europeista sar\u00e0 rappresentata nella coalizione di centrosinistra a Messina, alle prossime elezioni amministrative, da Palmira Mancuso (radicale, dirigente nazionale di +Europa) e Massimiliano Milazzo (coordinatore messinese di Volt). La candidatura viene annunciata oggi, 9 maggio, in occasione della festa dell\u2019Europa, anniversario della dichiarazione di Robert Schuman, con la quale nel 1950 il ministro francese lanci\u00f2 l\u2019idea di un\u2019unione del carbone e dell\u2019acciaio che \u00e8 stato il primo atto formale ad unire i Paesi del vecchio continente dopo la Seconda guerra mondiale.<div id=\"div-gpt-ad-Messinaoggi.it-DSK-300x250-corpoart\" style=\"text-align:center;margin:0 auto;\"><\/div><\/p>\n\n\n\n<p>Sciolte le riserve durante l\u2019ultima assemblea di +Europa che si \u00e8 tenuta a Palermo, la dirigente nazionale che, fin dalla prima ora ha sostenuto la necessit\u00e0 di una coalizione larga, si candider\u00e0 al Consiglio comunale a sostegno di Franco De Domenico sindaco.<div id=\"videoincontent\" style=\"clear:both\";><\/div><\/p>\n\n\n\n<p>\u201cRitengo importante che l\u2019area liberale, radicale e progressista appoggi l\u2019idea di citt\u00e0 rappresentata dalla coalizione, le cui liste declinano le varie anime che in queste amministrative hanno trovato sintesi nella figura di Franco De Domenico\u201d, dichiara Palmira Mancuso. \u201cLa nostra citt\u00e0 \u2013 aggiunge &#8211; ha bisogno di guardare oltre, di avere una visione che le restituisca quel sogno europeo che a Palazzo Zanca, con la conferenza di Messina, ha mosso i primi passi, precedendo il Trattato di Roma. Inoltre, come ribadito anche nel mio ultimo intervento in assemblea nazionale, c\u2019\u00e8 bisogno ovunque di maggiore protagonismo femminile. E questo sar\u00e0 il mio primo impegno politico\u201d.<\/p>\n\n\n\n<figure class=\"wp-block-image size-large\"><img loading=\"lazy\" width=\"768\" height=\"1024\" src=\"https:\/\/www.messinaoggi.it\/website\/wp-content\/uploads\/2022\/05\/Palmira-Mancuso-768x1024.jpg\" alt=\"\" class=\"wp-image-107188\" srcset=\"https:\/\/www.messinaoggi.it\/website\/wp-content\/uploads\/2022\/05\/Palmira-Mancuso-768x1024.jpg 768w, https:\/\/www.messinaoggi.it\/website\/wp-content\/uploads\/2022\/05\/Palmira-Mancuso-225x300.jpg 225w, https:\/\/www.messinaoggi.it\/website\/wp-content\/uploads\/2022\/05\/Palmira-Mancuso-1152x1536.jpg 1152w, https:\/\/www.messinaoggi.it\/website\/wp-content\/uploads\/2022\/05\/Palmira-Mancuso.jpg 1200w\" sizes=\"(max-width: 768px) 100vw, 768px\" \/><\/figure>\n\n\n\n<p>Candidato al Consiglio comunale anche il giovane leader di Volt a Messina, Massimiliano Milazzo, che rappresenta quei \u2018nativi europei\u2019, una generazione che merita spazi e opportunit\u00e0 proprio partendo dal territorio. \u201cAppartengo ad una generazione costretta quasi sempre a pensare al proprio futuro fuori da Messina \u2013 osserva Massimiliano Milazzo &#8211; la sfida \u00e8, invece, quella di costruire opportunit\u00e0 e occasioni per fare della competenza e del merito un valore, non la molla per guardare altrove. Ecco perch\u00e9 con Volt ci impegniamo nella progettazione di una citt\u00e0 sostenibile, inclusiva, competitiva, aperta all\u2019innovazione, equa e capace di esprimere tutto il proprio potenziale al fine di migliorare la qualit\u00e0 della vita della comunit\u00e0 messinese. Siamo fiduciosi che, attraverso l\u2019ascolto attivo della cittadinanza e le competenze di Franco De Domenico, riusciremo a rendere Messina una citt\u00e0 davvero europea\u201d.<\/p>\n\n\n\n<figure class=\"wp-block-image size-large\"><img loading=\"lazy\" width=\"1024\" height=\"683\" src=\"https:\/\/www.messinaoggi.it\/website\/wp-content\/uploads\/2022\/05\/massimiliano-milazzo-1024x683.jpg\" alt=\"\" class=\"wp-image-107189\" srcset=\"https:\/\/www.messinaoggi.it\/website\/wp-content\/uploads\/2022\/05\/massimiliano-milazzo-1024x683.jpg 1024w, https:\/\/www.messinaoggi.it\/website\/wp-content\/uploads\/2022\/05\/massimiliano-milazzo-300x200.jpg 300w, https:\/\/www.messinaoggi.it\/website\/wp-content\/uploads\/2022\/05\/massimiliano-milazzo-768x512.jpg 768w, https:\/\/www.messinaoggi.it\/website\/wp-content\/uploads\/2022\/05\/massimiliano-milazzo-1536x1024.jpg 1536w, https:\/\/www.messinaoggi.it\/website\/wp-content\/uploads\/2022\/05\/massimiliano-milazzo.jpg 1600w\" sizes=\"(max-width: 1024px) 100vw, 1024px\" \/><\/figure>\n\n\n\n<p>\u201cSono davvero contento che nuove forze propositive, giovani, con una visione aperta al futuro, alle opportunit\u00e0 e sfide che attendono una citt\u00e0 che vuole tornare a essere contemporanea e moderna si ritrovino nel progetto di amministrazione costruito intorno alla mia candidatura \u2013 afferma Franco De Domenico \u2013 il sostegno di +Europa e Volt Messina rafforza la nostra coalizione e la voglia di cambiamento a Messina\u201d.<\/p>\n","protected":false},"excerpt":{"rendered":"<p>L\u2019area europeista sar\u00e0 rappresentata nella coalizione di centrosinistra a Messina, alle prossime elezioni amministrative, da Palmira Mancuso (radicale, dirigente nazionale di +Europa) e Massimiliano Milazzo (coordinatore messinese di Volt). La candidatura viene annunciata oggi, 9 maggio, in occasione della festa dell\u2019Europa, anniversario della dichiarazione di Robert Schuman, con la quale nel 1950 il ministro francese [&hellip;]<\/p>\n","protected":false},"author":8,"featured_media":33832,"comment_status":"open","ping_status":"open","sticky":false,"template":"","format":"standard","meta":{"ub_ctt_via":"","_mi_skip_tracking":false},"categories":[4],"tags":[4472,4012,2059,4471],"featured_image_src":"https:\/\/www.messinaoggi.it\/website\/wp-content\/uploads\/2019\/06\/foto-franco.jpg","author_info":{"display_name":"red..me","author_link":"https:\/\/www.messinaoggi.it\/website\/author\/redstage\/"},"digistream_id":0,"digistream":false,"_links":{"self":[{"href":"https:\/\/www.messinaoggi.it\/website\/wp-json\/wp\/v2\/posts\/107187"}],"collection":[{"href":"https:\/\/www.messinaoggi.it\/website\/wp-json\/wp\/v2\/posts"}],"about":[{"href":"https:\/\/www.messinaoggi.it\/website\/wp-json\/wp\/v2\/types\/post"}],"author":[{"embeddable":true,"href":"https:\/\/www.messinaoggi.it\/website\/wp-json\/wp\/v2\/users\/8"}],"replies":[{"embeddable":true,"href":"https:\/\/www.messinaoggi.it\/website\/wp-json\/wp\/v2\/comments?post=107187"}],"version-history":[{"count":1,"href":"https:\/\/www.messinaoggi.it\/website\/wp-json\/wp\/v2\/posts\/107187\/revisions"}],"predecessor-version":[{"id":107190,"href":"https:\/\/www.messinaoggi.it\/website\/wp-json\/wp\/v2\/posts\/107187\/revisions\/107190"}],"wp:featuredmedia":[{"embeddable":true,"href":"https:\/\/www.messinaoggi.it\/website\/wp-json\/wp\/v2\/media\/33832"}],"wp:attachment":[{"href":"https:\/\/www.messinaoggi.it\/website\/wp-json\/wp\/v2\/media?parent=107187"}],"wp:term":[{"taxonomy":"category","embeddable":true,"href":"https:\/\/www.messinaoggi.it\/website\/wp-json\/wp\/v2\/categories?post=107187"},{"taxonomy":"post_tag","embeddable":true,"href":"https:\/\/www.messinaoggi.it\/website\/wp-json\/wp\/v2\/tags?post=107187"}],"curies":[{"name":"wp","href":"https:\/\/api.w.org\/{rel}","templated":true}]}}