{"id":10713,"date":"2017-10-31T10:10:36","date_gmt":"2017-10-31T09:10:36","guid":{"rendered":"http:\/\/www.messinaoggi.it\/website\/?p=10713"},"modified":"2017-10-31T10:10:36","modified_gmt":"2017-10-31T09:10:36","slug":"sos-migranti-piu-vigilanza-ed-una-rete-piu-alta-per-dividere-la-caserma-gasparro-e-le-abitazioni","status":"publish","type":"post","link":"https:\/\/www.messinaoggi.it\/website\/2017\/10\/31\/sos-migranti-piu-vigilanza-ed-una-rete-piu-alta-per-dividere-la-caserma-gasparro-e-le-abitazioni\/","title":{"rendered":"Sos migranti: &quot;Pi\u00f9 vigilanza ed una rete pi\u00f9 alta per dividere la caserma Gasparro e le abitazioni&quot;"},"content":{"rendered":"<p>Si \u00e8 svolto finalmente l&#8217;incontro tanto atteso tra il prefetto di Messina, Francesca Ferrandino ed i consiglieri comunali Libero Gioveni e Nino Carreri e della III Circoscrizione Alessandro Cacciotto, fortemente richiesto\u00a0al fine di rappresentare alla massima autorit\u00e0 del Governo in citt\u00e0 le diverse problematiche legate al rischio sicurezza per la popolazione di Bisconte e\u00a0 Camaro S. Luigi, decisamente preoccupata per gli ultimi allarmanti episodi occorsi dentro e fuori la caserma Gasparro.<br \/>\nInsieme ai consiglieri, presenti anche due residenti in rappresentanza della popolazione, che hanno denunciato al prefetto gli ormai noti episodi di risse e fuga di alcuni migranti, entrati anche all&#8217;interno di alcune abitazioni adiacenti la struttura militare.<br \/>\nGioveni, Carreri e Cacciotto sono molto soddisfatti dell&#8217;esito della riunione, in cui, pur essendo emersa la conferma dell&#8217;impossibilit\u00e0 di tornare indietro rispetto alle scelte del Governo, e avendo ancora meglio appreso dalle parole del prefetto le modalit\u00e0 di gestione di tutta la macchina organizzativa, sono stati rassicurati del fatto che la Prefettura attiver\u00e0 da subito quelle misure correttive e di prevenzione finalizzate a garantire la massima sicurezza per i residenti delle abitazioni limitrofe alla caserma.<br \/>\nIl prefetto richieder\u00e0 al Comitato per l&#8217;ordine e la sicurezza di autorizzare la realizzazione di una rete metallica di protezione sul muro perimetrale che alzer\u00e0 l&#8217;altezza della recinzione divisoria fra la caserma e le abitazioni.<br \/>\nInoltre, lo stesso Prefetto Ferrandino &#8211; concludono i tre consiglieri &#8211; nel garantirci il fatto che i controlli sanitari vengono eseguiti sui soggetti in modo accurato e che quindi non vi pu\u00f2 essere assolutamente il rischio di contrarre delle malattie infettive, si \u00e8 impegnata anche a potenziare la vigilanza da parte delle forze di polizia, soprattutto nelle ore notturne&#8221;.<div id=\"div-gpt-ad-Messinaoggi.it-DSK-300x250-corpoart\" style=\"text-align:center;margin:0 auto;\"><\/div><\/p>\n<div id=\"videoincontent\" style=\"clear:both\";><\/div>","protected":false},"excerpt":{"rendered":"<p>Si \u00e8 svolto finalmente l&#8217;incontro tanto atteso tra il prefetto di Messina, Francesca Ferrandino ed i consiglieri comunali Libero Gioveni e Nino Carreri e della III Circoscrizione Alessandro Cacciotto, fortemente richiesto\u00a0al fine di rappresentare alla massima autorit\u00e0 del Governo in citt\u00e0 le diverse problematiche legate al rischio sicurezza per la popolazione di Bisconte e\u00a0 Camaro [&hellip;]<\/p>\n","protected":false},"author":2,"featured_media":4094,"comment_status":"closed","ping_status":"open","sticky":false,"template":"","format":"standard","meta":{"ub_ctt_via":"","_mi_skip_tracking":false},"categories":[6],"tags":[],"featured_image_src":"https:\/\/www.messinaoggi.it\/website\/wp-content\/uploads\/2017\/07\/caserma-ex-gasparro-2.jpg","author_info":{"display_name":"Redazione","author_link":"https:\/\/www.messinaoggi.it\/website\/author\/redazione\/"},"digistream_id":0,"digistream":false,"_links":{"self":[{"href":"https:\/\/www.messinaoggi.it\/website\/wp-json\/wp\/v2\/posts\/10713"}],"collection":[{"href":"https:\/\/www.messinaoggi.it\/website\/wp-json\/wp\/v2\/posts"}],"about":[{"href":"https:\/\/www.messinaoggi.it\/website\/wp-json\/wp\/v2\/types\/post"}],"author":[{"embeddable":true,"href":"https:\/\/www.messinaoggi.it\/website\/wp-json\/wp\/v2\/users\/2"}],"replies":[{"embeddable":true,"href":"https:\/\/www.messinaoggi.it\/website\/wp-json\/wp\/v2\/comments?post=10713"}],"version-history":[{"count":0,"href":"https:\/\/www.messinaoggi.it\/website\/wp-json\/wp\/v2\/posts\/10713\/revisions"}],"wp:featuredmedia":[{"embeddable":true,"href":"https:\/\/www.messinaoggi.it\/website\/wp-json\/wp\/v2\/media\/4094"}],"wp:attachment":[{"href":"https:\/\/www.messinaoggi.it\/website\/wp-json\/wp\/v2\/media?parent=10713"}],"wp:term":[{"taxonomy":"category","embeddable":true,"href":"https:\/\/www.messinaoggi.it\/website\/wp-json\/wp\/v2\/categories?post=10713"},{"taxonomy":"post_tag","embeddable":true,"href":"https:\/\/www.messinaoggi.it\/website\/wp-json\/wp\/v2\/tags?post=10713"}],"curies":[{"name":"wp","href":"https:\/\/api.w.org\/{rel}","templated":true}]}}