{"id":107119,"date":"2022-05-08T18:32:33","date_gmt":"2022-05-08T16:32:33","guid":{"rendered":"https:\/\/www.messinaoggi.it\/website\/2022\/05\/08\/micciche-tra-dichiarazioni-e-smentite-fa-infuriare-il-centrodestra\/"},"modified":"2022-05-08T18:32:33","modified_gmt":"2022-05-08T16:32:33","slug":"micciche-tra-dichiarazioni-e-smentite-fa-infuriare-il-centrodestra","status":"publish","type":"post","link":"https:\/\/www.messinaoggi.it\/website\/2022\/05\/08\/micciche-tra-dichiarazioni-e-smentite-fa-infuriare-il-centrodestra\/","title":{"rendered":"Miccich\u00e8 tra dichiarazioni e smentite fa infuriare il centrodestra"},"content":{"rendered":"<div>\n<p>PALERMO (ITALPRESS) \u2013 E\u2019 Gianfranco Miccich\u00e8 numero uno di Forza Italia in Sicilia e presidente dell\u2019Ars il protagonista del dibattito politico di oggi nel Centrodestra: le sue dichiarazioni \u2013 \u2018Musumeci \u00e8 un fascista, a Palermo non lo vogliamo pi\u00f9\u2019 \u2013 rilasciate in una lunga intervista al quotidiano La Stampa (e da lui stesso, di buon mattino, smentite all\u2019Italpress, ndr) hanno fatto infuriare gli alleati. E lo hanno fatto soprattutto alla vigilia del voto per la Finanziaria regionale previsto per domani in Aula, a Palazzo dei Normanni. Dalle colonne del quotidiano torinese Miccich\u00e8 dice: \u2018Musumeci? Mai pi\u00f9. Guardi\u2026\u2019. \u2018Cinque anni fa subimmo un\u2019imposizione. Ma a condizione che non si ricandidass\u00e8. \u2018Cinque anni a rompere la m****. Ha trasformato i nostri assessori in ascari. A me ne ha tolti tre su quattro\u2026\u2019.<br \/>E poi, \u2018Musumeci odia partiti, parlamento, stampa. \u2018Di lei si occuperanno ben altri palazz\u00ec, ha detto a un deputato dell\u2019opposizione. D\u2019altronde \u00e8 coerente: lui \u00e8 pur sempre un fascista catanes\u00e8. \u2018Palermo \u2013 aggiunge \u2013 \u00e8 troppo nobile e intellettuale per il fascism\u00f2.  <br \/>Musumeci, secondo il presidente del Parlamento Siciliano, non lo vogliono neanche i centristi: \u2018Cuffaro e Lombardo sono pronti ad andare con il Pd, se c\u2019\u00e8 Musumec\u00ec. E\u2026 non lo vogliono \u2018nemmeno quelli di Fratelli d\u2019Italia! Siamo tutti matti?\u2019. Meloni per\u00f2 lo difende. \u2018Da fascista qual \u00e8, si \u00e8 accodata a La Russa, fascista siciliano come Musumec\u00ec. L\u2019accordo sul Comune (di Palermo, ndr) \u00e8 il viatico per la Regione? \u2018Macch\u00e8. Berlusconi mi ha detto: fai la mossa del cavallo e chiudi sul Comune sul loro candidato. Fatto, fregandocene della signora Meloni che ci vuole distruggere tutti. Ma Musumeci non passer\u00e0. Mai\u2026\u2019. Poi la precisazione telefonica all\u2019Italpress di toni e dei contenuti dell\u2019intervista. \u2018Ho gi\u00e0 stamattina inviato un messaggio al presidente Nello Musumeci \u2013 sottolinea Miccich\u00e8 \u2013 e alle altre personalit\u00e0 citate in questa intervista garantendo loro di non avere mai usato questi toni nei loro confronti, n\u00e8 fatto queste affermazioni. Il fatto che io non consideri Musumeci il miglior candidato (alla Presidenza della Regione, ndr) \u00e8 un conto, ma questi toni non mi appartengono e non mi sarei mai permesso di utilizzarl\u00ec. <br \/>Stizzita la reazione del vicepresidente della Regione Siciliana Gaetano Armao che su Facebook, parla di toni \u2018incontinent\u00ec e di \u2018punto di non ritorn\u00f2. \u2018I toni incontinenti usati dal Presidente dell\u2019Assemblea regionale \u2013 commenta Armao \u2013 nei confronti del Presidente della Regione, come gi\u00e0 in passato nei confronti miei e di assessori, sono scomposti ed inadeguati, oltre che totalmente falsi. Ieri ne ho parlato nuovamente al Giornale di Sicilia. Forza Italia, proprio perch\u00e8 interpreta i valori popolari e liberali, \u00e8 un partito con grande rispetto delle istituzioni ed \u00e8 parte centrale di questo governo; con equilibrio e responsabilit\u00e0 istituzionale, ben diverse da quelle con la quali sono state condotti i contraddittori confronti per l\u2019indicazione del candidato sindaco a Palermo, contribuir\u00e0 alla proposta di governo della Sicilia del prossimi cinque ann\u00ec. <br \/>Per Armao: \u2018E\u2019 costituzionalmente inaccettabile che egli si esprima con queste volgarit\u00e0 dal ruolo che ricopre ed \u00e8 incredibile che le forze politiche di opposizione, per bieca convenienza, non dicano una parola su questa grave frattura statutaria. Lo Statuto regionale, che ho sempre difeso da siciliano e da giurista, prima che da componente del governo, \u00e8 stato tradito, calpestato con il silenzio di troppi, ma ci\u00f2 non avverr\u00e0 col mio. E poi su quel deputato presunta vittima di Musumeci, che ha cambiato pi\u00f9 partiti che costumi da bagno, e che non ho mai sentito in questi anni occuparsi da parlamentare di una questione di interesse generale (e mi limito a questo), sodale di Miccich\u00e8 indipendente dal partito di turno, sarebbe stato meglio tacere. Nel suo interesse. L\u2019autorevolezza del giornalista chiamato in causa, adesso precipitosamente contestato dal bislacco intervistato che si rimangia all\u2019Italpress le parole dal \u2018sen fuggit\u00e8, rende inverosimile anche la smentita. Il Presidente dell\u2019Assemblea \u00e8 incompatibile con ruolo che svolge, l\u2019ho detto e continuer\u00f2 a dirlo in ogni sede, ma quel che accade oggi determina un punto di non ritorn\u00f2. <br \/>Di \u2018gravi e inaccettabili affermazion\u00ec parla Francesco Scoma, deputato della \u2018Lega-Prima l\u2019Itali\u00e0 e componente dell\u2019Ufficio di presidenza della Camera. \u201cBene la smentita di Miccich\u00e8 \u2013 dichiara -, anche se dubito che un quotidiano serio e attendibile come \u2018La Stamp\u00e0, possa riportare dichiarazioni distorte o non veritiere. E\u2019 evidente che, da parte del coordinatore regionale di Forza Italia, ci sia la volont\u00e0 di spaccare il centrodestra, partendo dalla Sicilia. Con dispiacere assisto ad una divisione netta all\u2019interno di un partito in cui ho tanti amici e che considero un alleato fondamentale per le posizioni moderate che ci accomunano. Definire Matteo Salvini debole, gli esponenti di Fratelli d\u2019Italia come fascisti, Renzi come uno scienziato ubriaco, dimostrano la poca lucidit\u00e0 che continua ad avere Miccich\u00e8, giorno dopo giorno sono sempre pi\u00f9 gravi e inaccettabili le sue affermazioni\u201d. <br \/>\u201cIl Parlamento siciliano \u2013 prosegue Scoma \u2013 non pu\u00f2 continuare a subire una tale mortificazione ed essere rappresentato da una figura cos\u00ec divisiva. Mi auguro che, per il bene della nostra coalizione e delle istituzioni regionali, si possano evitare tali dichiarazioni volgari, inappropriate e prive di senso.<br \/>Non possiamo mettere a repentaglio l\u2019unit\u00e0 regionale e soprattutto nazionale del centrodestra per dei comportamenti autodistruttivi di singoli esponenti. I fatti che avvengono in Sicilia hanno ripercussioni nazionali e non possiamo ne dobbiamo ignorare la gravit\u00e0 di queste affermazioni\u201d, conclude.<br \/>Per i progressisti palermitani, \u00e8 il candidato sindaco di Palermo Franco Miceli ad \u2018approfittarn\u00e8 per sferrare l\u2019attacco frontale agli avversari. \u2018Il presidente dell\u2019Ars, Gianfranco Miccich\u00e8 \u2013 aggiunge Miceli \u2013 in una schietta intervista pubblicata oggi da La Stampa, importante quotidiano che purtroppo non arriva in Sicilia, definisce Nello Musumeci \u2018un fascista catanes\u00e8 che tratta i suoi assessori come degli \u2018ascar\u00ec. Condivido il giudizio di Miccich\u00e8. Osservo soltanto \u2013 prosegue Franco Miceli \u2013 che il leader siciliano di Forza Italia sta sostenendo la candidatura a sindaco di uno degli assessori di Musumeci. E\u2019 palese che non lo sta facendo volentieri, ma alla fine dei conti Miccich\u00e8 non ha saputo tenere il punto e ha finito per sostenere il candidato imposto da chi lui stesso giudica fascist\u00ec. <br \/>A commentare le parole di Miccich\u00e8 \u00e8 anche Ignazio La Russa, senatore siciliano di Fratelli d\u2019Italia: \u2018Accolgo di buon grado la completa smentita di Gianfranco Miccich\u00e8 che mi ha telefonato per scusarsi di dichiarazioni che il quotidiano La Stampa gli attribuisce, in cui come disperata arma finale, attacca Musumeci, me e addirittura Giorgia Meloni con la vetusta accusa di fascismo tanto cara alla estrema sinistra orfana del comunismo. Sono certo che Gianfranco \u00e8 stato travisato, infatti nessun esponente politico cosciente e non disturbato potrebbe sottoscrivere quel testo contrario ad ogni logica umana e politica. Ho detto a Miccich\u00e8, che ringrazio per la telefonata, che se la smentita pu\u00f2 risolvere il problema dei rapporti personali, l\u2019articolo impone per\u00f2 un pronto chiarimento politico, reso necessario anche dall\u2019improvvido coinvolgimento nell\u2019articolo di Silvio Berlusconi, descritto arbitrariamente come consapevole e coinvolto in una strategia che non gli appartiene utile a danneggiare gli alleati. Al contrario, Berlusconi a cui pure mi appello perch\u00e8 si distingua da affermazioni cos\u00ec gravi da minare irreparabilmente il centrodestra da lui fondato e consenta di ricompattare in Sicilia una coalizione che gli avversari vorrebbero scardinare proprio perch\u00e8 destinata a vincere con Lagalla a Palermo e con  Musumeci in Regione. Non \u00e8 pi\u00f9 possibile rimanere in posizioni equivoche che servono solo a danneggiare il Centrodestr\u00e0.<div id=\"div-gpt-ad-Messinaoggi.it-DSK-300x250-corpoart\" style=\"text-align:center;margin:0 auto;\"><\/div><\/p>\n<p>Photo credit: agenziafotogramma.it<br \/>(ITALPRESS).<div id=\"videoincontent\" style=\"clear:both\";><\/div><\/p>\n<\/div>\n","protected":false},"excerpt":{"rendered":"<p>PALERMO (ITALPRESS) \u2013 E\u2019 Gianfranco Miccich\u00e8 numero uno di Forza Italia in Sicilia e presidente dell\u2019Ars il protagonista del dibattito politico di oggi nel Centrodestra: le sue dichiarazioni \u2013 \u2018Musumeci \u00e8 un fascista, a Palermo non lo vogliamo pi\u00f9\u2019 \u2013 rilasciate in una lunga intervista al quotidiano La Stampa (e da lui stesso, di buon [&hellip;]<\/p>\n","protected":false},"author":18,"featured_media":107120,"comment_status":"closed","ping_status":"closed","sticky":false,"template":"","format":"standard","meta":{"ub_ctt_via":"","_mi_skip_tracking":false},"categories":[2449],"tags":[783],"featured_image_src":"https:\/\/www.messinaoggi.it\/website\/wp-content\/uploads\/2022\/05\/20220508_2007.jpg","author_info":{"display_name":"Admin","author_link":"https:\/\/www.messinaoggi.it\/website\/author\/admin\/"},"digistream_id":0,"digistream":false,"_links":{"self":[{"href":"https:\/\/www.messinaoggi.it\/website\/wp-json\/wp\/v2\/posts\/107119"}],"collection":[{"href":"https:\/\/www.messinaoggi.it\/website\/wp-json\/wp\/v2\/posts"}],"about":[{"href":"https:\/\/www.messinaoggi.it\/website\/wp-json\/wp\/v2\/types\/post"}],"author":[{"embeddable":true,"href":"https:\/\/www.messinaoggi.it\/website\/wp-json\/wp\/v2\/users\/18"}],"replies":[{"embeddable":true,"href":"https:\/\/www.messinaoggi.it\/website\/wp-json\/wp\/v2\/comments?post=107119"}],"version-history":[{"count":0,"href":"https:\/\/www.messinaoggi.it\/website\/wp-json\/wp\/v2\/posts\/107119\/revisions"}],"wp:featuredmedia":[{"embeddable":true,"href":"https:\/\/www.messinaoggi.it\/website\/wp-json\/wp\/v2\/media\/107120"}],"wp:attachment":[{"href":"https:\/\/www.messinaoggi.it\/website\/wp-json\/wp\/v2\/media?parent=107119"}],"wp:term":[{"taxonomy":"category","embeddable":true,"href":"https:\/\/www.messinaoggi.it\/website\/wp-json\/wp\/v2\/categories?post=107119"},{"taxonomy":"post_tag","embeddable":true,"href":"https:\/\/www.messinaoggi.it\/website\/wp-json\/wp\/v2\/tags?post=107119"}],"curies":[{"name":"wp","href":"https:\/\/api.w.org\/{rel}","templated":true}]}}