{"id":107063,"date":"2022-05-07T19:17:36","date_gmt":"2022-05-07T17:17:36","guid":{"rendered":"https:\/\/www.messinaoggi.it\/website\/2022\/05\/07\/rissa-in-campo-fra-under-17-morgana-puniremo-i-responsabili\/"},"modified":"2022-05-07T19:17:36","modified_gmt":"2022-05-07T17:17:36","slug":"rissa-in-campo-fra-under-17-morgana-puniremo-i-responsabili","status":"publish","type":"post","link":"https:\/\/www.messinaoggi.it\/website\/2022\/05\/07\/rissa-in-campo-fra-under-17-morgana-puniremo-i-responsabili\/","title":{"rendered":"Rissa in campo fra under 17, Morgana \u201cPuniremo i responsabili\u201d"},"content":{"rendered":"<div>\n<p>CATANIA (ITALPRESS) \u2013 La rissa in campo, con scene di pugni e altri tipi di violenza, avvenuta al termine della partita Gymnica Scordia-Libertas Catania Nuova, valida per il campionato Allievi Under 17 e svoltasi allo stadio \u201cBinanti\u201d di Scordia, avr\u00e0 sicuramente delle conseguenze. Lo conferma all\u2019Agenzia Italpress, Sandro Morgana, presidente della Lega Nazionale Dilettanti siciliana: \u201cDi fronte a situazioni di questo genere, viene da pensare che a volte certe gare vengono caricate di un significato che non dovrebbero avere e che non si capiscono, visto che il calcio e lo sport devono essere un\u2019occasione di gioia e non di scontro\u201d. \u201cDetto questo \u2013 ha aggiunto Morgana -, verificheremo se ci saranno delle responsabilit\u00e0 e, una volta chiarito la situazione, puniremo i responsabili, perch\u00e9 non \u00e8 possibile che accadano cose del genere. Stiamo cercando, e ci stiamo riuscendo, di dare al calcio un\u2019immagine migliore, e non possiamo rischiare che quattro sconsiderati rovinino tutto. Saremo durissimi\u201d. Morgana ha ricordato che \u201cabbiamo lottato duramente per tornare a giocare in piena emergenza sanitaria. Ci siamo battuti per dare al calcio un\u2019immagine migliore, di entusiasmo e voglia di ripartire. Quello che \u00e8 successo a Scordia non ha nulla a che fare con il calcio. Non capisco il senso di tanta violenza come non comprendo il perch\u00e9 si debba rovinare il calcio pi\u00f9 bello, quello dei giovani, facendolo diventare un campo di battaglia\u201d. Il video, circolato sui social, determina lo sdegno generale. \u201cNon possiamo rischiare che quattro sconsiderati rovinino tutto. Chiedo l\u2019intervento delle forze dell\u2019ordine per far valutare se sussistano le condizioni per la richiesta del Daspo. Inoltre trasmetter\u00f2 gli atti alla Procura Federale per avere condanne rigide e definite oltre a quelle che il Giudice sportivo comminer\u00e0 su quanto trasmesso dal referto arbitrale\u201d.<br \/>\n\u2013 foto Ufficio stampa Lnd Sicilia \u2013<br \/>\n(ITALPRESS).<div id=\"div-gpt-ad-Messinaoggi.it-DSK-300x250-corpoart\" style=\"text-align:center;margin:0 auto;\"><\/div><\/p>\n<\/div>\n<div id=\"videoincontent\" style=\"clear:both\";><\/div>","protected":false},"excerpt":{"rendered":"<p>CATANIA (ITALPRESS) \u2013 La rissa in campo, con scene di pugni e altri tipi di violenza, avvenuta al termine della partita Gymnica Scordia-Libertas Catania Nuova, valida per il campionato Allievi Under 17 e svoltasi allo stadio \u201cBinanti\u201d di Scordia, avr\u00e0 sicuramente delle conseguenze. Lo conferma all\u2019Agenzia Italpress, Sandro Morgana, presidente della Lega Nazionale Dilettanti siciliana: [&hellip;]<\/p>\n","protected":false},"author":18,"featured_media":107064,"comment_status":"closed","ping_status":"closed","sticky":false,"template":"","format":"standard","meta":{"ub_ctt_via":"","_mi_skip_tracking":false},"categories":[2449],"tags":[783],"featured_image_src":"https:\/\/www.messinaoggi.it\/website\/wp-content\/uploads\/2022\/05\/Morgana_UffstampaLndSicilia.jpg","author_info":{"display_name":"Admin","author_link":"https:\/\/www.messinaoggi.it\/website\/author\/admin\/"},"digistream_id":0,"digistream":false,"_links":{"self":[{"href":"https:\/\/www.messinaoggi.it\/website\/wp-json\/wp\/v2\/posts\/107063"}],"collection":[{"href":"https:\/\/www.messinaoggi.it\/website\/wp-json\/wp\/v2\/posts"}],"about":[{"href":"https:\/\/www.messinaoggi.it\/website\/wp-json\/wp\/v2\/types\/post"}],"author":[{"embeddable":true,"href":"https:\/\/www.messinaoggi.it\/website\/wp-json\/wp\/v2\/users\/18"}],"replies":[{"embeddable":true,"href":"https:\/\/www.messinaoggi.it\/website\/wp-json\/wp\/v2\/comments?post=107063"}],"version-history":[{"count":0,"href":"https:\/\/www.messinaoggi.it\/website\/wp-json\/wp\/v2\/posts\/107063\/revisions"}],"wp:featuredmedia":[{"embeddable":true,"href":"https:\/\/www.messinaoggi.it\/website\/wp-json\/wp\/v2\/media\/107064"}],"wp:attachment":[{"href":"https:\/\/www.messinaoggi.it\/website\/wp-json\/wp\/v2\/media?parent=107063"}],"wp:term":[{"taxonomy":"category","embeddable":true,"href":"https:\/\/www.messinaoggi.it\/website\/wp-json\/wp\/v2\/categories?post=107063"},{"taxonomy":"post_tag","embeddable":true,"href":"https:\/\/www.messinaoggi.it\/website\/wp-json\/wp\/v2\/tags?post=107063"}],"curies":[{"name":"wp","href":"https:\/\/api.w.org\/{rel}","templated":true}]}}