{"id":107040,"date":"2022-05-07T12:47:33","date_gmt":"2022-05-07T10:47:33","guid":{"rendered":"https:\/\/www.messinaoggi.it\/website\/2022\/05\/07\/comunali-palermo-cascio-io-vicesindaco-lagalla-e-ipotesi-concreta\/"},"modified":"2022-05-07T14:21:29","modified_gmt":"2022-05-07T12:21:29","slug":"comunali-palermo-cascio-io-vicesindaco-lagalla-e-ipotesi-concreta","status":"publish","type":"post","link":"https:\/\/www.messinaoggi.it\/website\/2022\/05\/07\/comunali-palermo-cascio-io-vicesindaco-lagalla-e-ipotesi-concreta\/","title":{"rendered":"Comunali Palermo, Cascio \u201cIo vicesindaco Lagalla? E\u2019 ipotesi concreta\u201d"},"content":{"rendered":"<div>\n<p>PALERMO (ITALPRESS) \u2013 \u201cIo vicesindaco di Roberto Lagalla? E\u2019 un\u2019ipotesi concreta. Pi\u00f9 che un\u2019ipotesi. Ma io non l\u2019ho mai annunciato. Ho detto che far\u00f2 parte della squadra con il ruolo che mi si vorr\u00e0 dare\u2026\u201d. Lo ha detto all\u2019Italpress Francesco Cacio, ex presidente dell\u2019Ars e fino a qualche giorno fa canddato sindaco di una parte del Centrodestra. <br \/>\u201cIl sentimento che si respira per questa campagna elettorale \u2013 ha aggiunto Cascio \u2013 \u00e8 di ottimismo. Il candidato sindaco di Palermo (Lagalla, ndr) \u00e8 un candidato forte e autorevole, la coalizione \u00e8 assai ampia e quindi obiettivamente ci sono tutte le condizioni per potere vincere al primo turno e potere ripartire nell\u2019amministrazione di questa citt\u00e0 con grandissimo slancio. Che \u00e8 quello che noi cercavamo. Anche l\u2019unit\u00e0 ritrovata e i passi indietro dei candidati \u2013 l\u2019ultimo il mio \u2013 sono serviti a questo: a creare un fronte compatto pronto a rilanciare Palermo\u201d. <br \/>(ITALPRESS).<div id=\"div-gpt-ad-Messinaoggi.it-DSK-300x250-corpoart\" style=\"text-align:center;margin:0 auto;\"><\/div><\/p>\n<p>\u2013 Photo credit agenziafotogramma.it<div id=\"videoincontent\" style=\"clear:both\";><\/div><\/p>\n<\/div>\n","protected":false},"excerpt":{"rendered":"<p>PALERMO (ITALPRESS) \u2013 \u201cIo vicesindaco di Roberto Lagalla? E\u2019 un\u2019ipotesi concreta. Pi\u00f9 che un\u2019ipotesi. Ma io non l\u2019ho mai annunciato. Ho detto che far\u00f2 parte della squadra con il ruolo che mi si vorr\u00e0 dare\u2026\u201d. Lo ha detto all\u2019Italpress Francesco Cacio, ex presidente dell\u2019Ars e fino a qualche giorno fa canddato sindaco di una parte [&hellip;]<\/p>\n","protected":false},"author":18,"featured_media":107041,"comment_status":"closed","ping_status":"closed","sticky":false,"template":"","format":"standard","meta":{"ub_ctt_via":"","_mi_skip_tracking":false},"categories":[11,2449],"tags":[783],"featured_image_src":"https:\/\/www.messinaoggi.it\/website\/wp-content\/uploads\/2022\/05\/20220507_0907.jpg","author_info":{"display_name":"Admin","author_link":"https:\/\/www.messinaoggi.it\/website\/author\/admin\/"},"digistream_id":0,"digistream":false,"_links":{"self":[{"href":"https:\/\/www.messinaoggi.it\/website\/wp-json\/wp\/v2\/posts\/107040"}],"collection":[{"href":"https:\/\/www.messinaoggi.it\/website\/wp-json\/wp\/v2\/posts"}],"about":[{"href":"https:\/\/www.messinaoggi.it\/website\/wp-json\/wp\/v2\/types\/post"}],"author":[{"embeddable":true,"href":"https:\/\/www.messinaoggi.it\/website\/wp-json\/wp\/v2\/users\/18"}],"replies":[{"embeddable":true,"href":"https:\/\/www.messinaoggi.it\/website\/wp-json\/wp\/v2\/comments?post=107040"}],"version-history":[{"count":1,"href":"https:\/\/www.messinaoggi.it\/website\/wp-json\/wp\/v2\/posts\/107040\/revisions"}],"predecessor-version":[{"id":107044,"href":"https:\/\/www.messinaoggi.it\/website\/wp-json\/wp\/v2\/posts\/107040\/revisions\/107044"}],"wp:featuredmedia":[{"embeddable":true,"href":"https:\/\/www.messinaoggi.it\/website\/wp-json\/wp\/v2\/media\/107041"}],"wp:attachment":[{"href":"https:\/\/www.messinaoggi.it\/website\/wp-json\/wp\/v2\/media?parent=107040"}],"wp:term":[{"taxonomy":"category","embeddable":true,"href":"https:\/\/www.messinaoggi.it\/website\/wp-json\/wp\/v2\/categories?post=107040"},{"taxonomy":"post_tag","embeddable":true,"href":"https:\/\/www.messinaoggi.it\/website\/wp-json\/wp\/v2\/tags?post=107040"}],"curies":[{"name":"wp","href":"https:\/\/api.w.org\/{rel}","templated":true}]}}