{"id":10696,"date":"2017-10-31T08:30:43","date_gmt":"2017-10-31T07:30:43","guid":{"rendered":"http:\/\/www.messinaoggi.it\/website\/?p=10696"},"modified":"2017-10-31T08:30:43","modified_gmt":"2017-10-31T07:30:43","slug":"crisi-idrica-a-torregrotta-lamministrazione-e-un-problema-prettamente-tecnico","status":"publish","type":"post","link":"https:\/\/www.messinaoggi.it\/website\/2017\/10\/31\/crisi-idrica-a-torregrotta-lamministrazione-e-un-problema-prettamente-tecnico\/","title":{"rendered":"Crisi idrica a Torregrotta, l&#039;amministrazione: &#039;\u00c8 un problema prettamente tecnico&#039;"},"content":{"rendered":"<p style=\"text-align: justify\" align=\"LEFT\"><span style=\"font-family: Arial, sans-serif\"><span style=\"font-size: medium\">Novembre \u00e8 ormai alle porte, ma la crisi idrica a Torregrotta non \u00e8 stata ancora definitivamente risolta. Al riguardo \u00e8 intervenuta l&#8217;amministrazione comunale, la quale ha sottolineato che il problema sarebbe da imputare a motivi di natura prettamente tecnica. Nel dettaglio, l&#8217;assessore al ramo, l&#8217;architetto Alessandro Tinaglia, dichiara: \u201cA seguito dell&#8217;ennesima, inaccettabile, crisi idrica che ha colpito nuovamente Torregrotta, nonostante ci troviamo alla fine del mese di ottobre, pur scusandomi con i cittadini torresi tengo a chiarire come il problema sia di natura esclusivamente tecnica\u201d.<\/span><\/span><div id=\"div-gpt-ad-Messinaoggi.it-DSK-300x250-corpoart\" style=\"text-align:center;margin:0 auto;\"><\/div><\/p>\n<p style=\"text-align: justify\" align=\"LEFT\"><span style=\"font-family: Arial, sans-serif\"><span style=\"font-size: medium\">Tinaglia spiega in sostanza che la colpa \u00e8 da attribuire al responsabile del relativo Ufficio Tecnico, il quale non avrebbe recepito le indicazioni fornite dallo stesso assessore: \u201cSin dallo scorso maggio la giunta ha, infatti, indicato al responsabile dell&#8217;Ufficio Tecnico come &#8216;prioritaria&#8217; la risoluzione definitiva della crisi idrica. Nonostante la mia ultima e dettagliata nota, datata 26.09.2017, ad oggi il problema non solo non \u00e8 stato risolto ma si \u00e8 addirittura aggravato e nessuna misura strutturale \u00e8 stata predisposta dal responsabile del settore. A dispetto delle mie precise indicazioni, non \u00e8 stata predisposta nemmeno l&#8217;immissione in rete dell&#8217;acqua proveniente dalla trivella, mai utilizzata, e realizzata accanto a quella esistente. La nota forniva, inoltre, richiami, ai sensi di legge, circa il corretto rapporto che deve intercorrere tra la gestione politica, di indirizzo, e quella tecnica, di attuazione.\u00a0\u00a0<\/span><\/span><span style=\"font-family: Arial, sans-serif\"><span style=\"font-size: medium\">Ad oggi i fatti dimostrano che tali regole, normativamente previste, non sono state recepite dal responsabile dell&#8217;Ufficio Tecnico nonostante diversi tentativi di dialogo. Mi vedo pertanto costretto a chiedere al sindaco ed alla segreteria comunale di intervenire con urgenza al fine di individuare, una volta per tutte, i motivi di esitazione da parte del Dirigente.<\/span><\/span><div id=\"videoincontent\" style=\"clear:both\";><\/div><\/p>\n<p style=\"text-align: justify\" align=\"JUSTIFY\"><span style=\"font-family: Arial, sans-serif\"><span style=\"font-size: medium\">Tornando alla crisi idrica appare, inoltre, evidente che i fenomeni secondo i quali i serbatoi del Comune e dell&#8217;Acavn si riempiono a proprio piacimento, non trovando spiegazioni tecniche plausibili presso i nostri uffici, hanno necessit\u00e0 di ulteriori approfondimenti.<\/span><\/span><\/p>\n<p style=\"text-align: justify\" align=\"JUSTIFY\"><span style=\"font-family: Arial, sans-serif\"><span style=\"font-size: medium\">Anticipo, infine, che a seguito delle menzogne e delle notizie diffamatorie che ledono fortemente la mia onorabilit\u00e0 e professionalit\u00e0, promosse da alcuni consiglieri comunali e cittadini tramite l&#8217;affissione di manifesti, a mezzo Facebook e durante le sedute del Consiglio Comunale, qualora entro 15 giorni non arrivasse adeguata smentita tramite stessi mezzi, riservo di tutelarmi nelle opportune sedi\u201d. <\/span><\/span><\/p>\n","protected":false},"excerpt":{"rendered":"<p>Novembre \u00e8 ormai alle porte, ma la crisi idrica a Torregrotta non \u00e8 stata ancora definitivamente risolta. Al riguardo \u00e8 intervenuta l&#8217;amministrazione comunale, la quale ha sottolineato che il problema sarebbe da imputare a motivi di natura prettamente tecnica. Nel dettaglio, l&#8217;assessore al ramo, l&#8217;architetto Alessandro Tinaglia, dichiara: \u201cA seguito dell&#8217;ennesima, inaccettabile, crisi idrica che [&hellip;]<\/p>\n","protected":false},"author":8,"featured_media":3506,"comment_status":"closed","ping_status":"open","sticky":false,"template":"","format":"standard","meta":{"ub_ctt_via":"","_mi_skip_tracking":false},"categories":[13,14],"tags":[],"featured_image_src":"https:\/\/www.messinaoggi.it\/website\/wp-content\/uploads\/2017\/06\/acqua-amam-2.jpg","author_info":{"display_name":"red..me","author_link":"https:\/\/www.messinaoggi.it\/website\/author\/redstage\/"},"digistream_id":0,"digistream":false,"_links":{"self":[{"href":"https:\/\/www.messinaoggi.it\/website\/wp-json\/wp\/v2\/posts\/10696"}],"collection":[{"href":"https:\/\/www.messinaoggi.it\/website\/wp-json\/wp\/v2\/posts"}],"about":[{"href":"https:\/\/www.messinaoggi.it\/website\/wp-json\/wp\/v2\/types\/post"}],"author":[{"embeddable":true,"href":"https:\/\/www.messinaoggi.it\/website\/wp-json\/wp\/v2\/users\/8"}],"replies":[{"embeddable":true,"href":"https:\/\/www.messinaoggi.it\/website\/wp-json\/wp\/v2\/comments?post=10696"}],"version-history":[{"count":0,"href":"https:\/\/www.messinaoggi.it\/website\/wp-json\/wp\/v2\/posts\/10696\/revisions"}],"wp:featuredmedia":[{"embeddable":true,"href":"https:\/\/www.messinaoggi.it\/website\/wp-json\/wp\/v2\/media\/3506"}],"wp:attachment":[{"href":"https:\/\/www.messinaoggi.it\/website\/wp-json\/wp\/v2\/media?parent=10696"}],"wp:term":[{"taxonomy":"category","embeddable":true,"href":"https:\/\/www.messinaoggi.it\/website\/wp-json\/wp\/v2\/categories?post=10696"},{"taxonomy":"post_tag","embeddable":true,"href":"https:\/\/www.messinaoggi.it\/website\/wp-json\/wp\/v2\/tags?post=10696"}],"curies":[{"name":"wp","href":"https:\/\/api.w.org\/{rel}","templated":true}]}}