{"id":106898,"date":"2022-05-06T12:10:19","date_gmt":"2022-05-06T10:10:19","guid":{"rendered":"http:\/\/www.messinaoggi.it\/website\/?p=106898"},"modified":"2022-05-06T12:12:40","modified_gmt":"2022-05-06T10:12:40","slug":"la-pedagogia-naturale-aiuto-alla-vita-domani-assemblea-apei","status":"publish","type":"post","link":"https:\/\/www.messinaoggi.it\/website\/2022\/05\/06\/la-pedagogia-naturale-aiuto-alla-vita-domani-assemblea-apei\/","title":{"rendered":"&#8220;La pedagogia. Naturale aiuto alla vita&#8221;, domani assemblea Apei"},"content":{"rendered":"\n<p>L&#8217;Associazione pedagogisti ed educatori italiani (Apei), che unisce i professionisti dell\u2019educazione e della formazione dei servizi pubblici e privati ed opera ai sensi della Legge 4\/2013 in materia di professioni organizzate in ordini e collegi, sar\u00e0 presente domani, presso il Salone delle bandiere di Palazzo Zanca, con un\u2019assemblea regionale dal tema: &#8220;La pedagogia. Naturale aiuto alla vita&#8221;. Ospitati da Samuele Amendola saranno presenti il presidente nazionale Apei Alessandro Prisciandaro, la vice presidente, Stefania Coti, Caterina Sindoni ordinario di Storia della Pedagogia presso l\u2019Universit\u00e0 di Messina, Giovanni Di Caro, deputato Ars e primo firmatario del DDL sull\u2019Unit\u00e0 regionale di pedagogia scolastica, Maria Baronello, consigliere regionale dell\u2019Ordine degli Assistenti sociali ed il Segretario generale della Cgil Messina, Giovanni Mastroeni. L\u2019evento \u00e8 Patrocinato dal Comune di Messina e dalla V Municipalit\u00e0 del Comune.<div id=\"div-gpt-ad-Messinaoggi.it-DSK-300x250-corpoart\" style=\"text-align:center;margin:0 auto;\"><\/div><\/p>\n\n\n\n<p>L\u2019 incontro toccher\u00e0 molti temi caldi che interessano la pratica professionale educativi e pedagogici relativamente alle opportunit\u00e0, condizioni lavorative nei servizi socio-assistenziali, socio-educativi, servizi socio-sanitari, salute e scuola, servizi educativi comunali, nel privato, nel sociale, ma anche al pi\u00f9 generale bisogno pi\u00f9 forte ed emergente di proiettare uno sguardo pedagogico sulla persona nella sua interezza, analizzando la realt\u00e0 e fenomeni sociali in un mondo che si trova sempre pi\u00f9 davanti alla sfida della complessit\u00e0.<div id=\"videoincontent\" style=\"clear:both\";><\/div><\/p>\n","protected":false},"excerpt":{"rendered":"<p>L&#8217;Associazione pedagogisti ed educatori italiani (Apei), che unisce i professionisti dell\u2019educazione e della formazione dei servizi pubblici e privati ed opera ai sensi della Legge 4\/2013 in materia di professioni organizzate in ordini e collegi, sar\u00e0 presente domani, presso il Salone delle bandiere di Palazzo Zanca, con un\u2019assemblea regionale dal tema: &#8220;La pedagogia. Naturale aiuto [&hellip;]<\/p>\n","protected":false},"author":4,"featured_media":106901,"comment_status":"open","ping_status":"open","sticky":false,"template":"","format":"standard","meta":{"ub_ctt_via":"","_mi_skip_tracking":false},"categories":[5],"tags":[4458,4459],"featured_image_src":"https:\/\/www.messinaoggi.it\/website\/wp-content\/uploads\/2022\/05\/Apei.jpeg","author_info":{"display_name":"redme","author_link":"https:\/\/www.messinaoggi.it\/website\/author\/redme\/"},"digistream_id":0,"digistream":false,"_links":{"self":[{"href":"https:\/\/www.messinaoggi.it\/website\/wp-json\/wp\/v2\/posts\/106898"}],"collection":[{"href":"https:\/\/www.messinaoggi.it\/website\/wp-json\/wp\/v2\/posts"}],"about":[{"href":"https:\/\/www.messinaoggi.it\/website\/wp-json\/wp\/v2\/types\/post"}],"author":[{"embeddable":true,"href":"https:\/\/www.messinaoggi.it\/website\/wp-json\/wp\/v2\/users\/4"}],"replies":[{"embeddable":true,"href":"https:\/\/www.messinaoggi.it\/website\/wp-json\/wp\/v2\/comments?post=106898"}],"version-history":[{"count":1,"href":"https:\/\/www.messinaoggi.it\/website\/wp-json\/wp\/v2\/posts\/106898\/revisions"}],"predecessor-version":[{"id":106899,"href":"https:\/\/www.messinaoggi.it\/website\/wp-json\/wp\/v2\/posts\/106898\/revisions\/106899"}],"wp:featuredmedia":[{"embeddable":true,"href":"https:\/\/www.messinaoggi.it\/website\/wp-json\/wp\/v2\/media\/106901"}],"wp:attachment":[{"href":"https:\/\/www.messinaoggi.it\/website\/wp-json\/wp\/v2\/media?parent=106898"}],"wp:term":[{"taxonomy":"category","embeddable":true,"href":"https:\/\/www.messinaoggi.it\/website\/wp-json\/wp\/v2\/categories?post=106898"},{"taxonomy":"post_tag","embeddable":true,"href":"https:\/\/www.messinaoggi.it\/website\/wp-json\/wp\/v2\/tags?post=106898"}],"curies":[{"name":"wp","href":"https:\/\/api.w.org\/{rel}","templated":true}]}}