{"id":106779,"date":"2022-05-05T14:00:59","date_gmt":"2022-05-05T12:00:59","guid":{"rendered":"http:\/\/www.messinaoggi.it\/website\/?p=106779"},"modified":"2022-05-05T14:01:01","modified_gmt":"2022-05-05T12:01:01","slug":"giro-ditalia-mercoledi-11-scuole-chiuse","status":"publish","type":"post","link":"https:\/\/www.messinaoggi.it\/website\/2022\/05\/05\/giro-ditalia-mercoledi-11-scuole-chiuse\/","title":{"rendered":"Giro d\u2019Italia, mercoled\u00ec 11 scuole chiuse"},"content":{"rendered":"\n<p>Mercoled\u00ec 11, in occasione della V tappa del Giro d\u2019Italia 2022, che interesser\u00e0 il territorio comunale con l\u2019arrivo a piazza Unione Europea, il Commissario Straordinario Leonardo Santoro ha disposto per l\u2019intera giornata di mercoled\u00ec 11 la chiusura di tutti gli Istituti scolastici di ogni ordine e grado pubblici, privati e parificati: scuole dell\u2019infanzia, primarie, secondarie di primo e di secondo grado, compresi gli asili nido.<div id=\"div-gpt-ad-Messinaoggi.it-DSK-300x250-corpoart\" style=\"text-align:center;margin:0 auto;\"><\/div><\/p>\n\n\n\n<p>\u201cIl provvedimento si \u00e8 reso necessario \u2013 ha evidenziato il Commissario Santoro \u2013 per evitare il congestionamento del traffico veicolare dovuto anche allo svolgimento delle attivit\u00e0 scolastiche il giorno prestabilito del passaggio della carovana, e ci\u00f2 non solo per i plessi scolastici che insistono lungo il percorso cittadino della tappa, le cui attivit\u00e0 sono inevitabilmente non compatibili, ma per tutte le scuole della Citt\u00e0, a causa del riverbero degli spostamenti significativi di quote di popolazione da ogni parte del territorio cittadino, del relativo traffico veicolare pubblico e privato che impatta anche sulle aree della tappa e delle difficolt\u00e0 di garantire i servizi di trasporto pubblico locale, connessi all\u2019entrata e all\u2019uscita dalle scuole\u201d.<div id=\"videoincontent\" style=\"clear:both\";><\/div><\/p>\n\n\n\n<p>\u201cConsiderato poi, che trattasi di un evento sportivo di grande richiamo, l\u2019obiettivo \u00e8 ridurre sensibilmente il traffico veicolare per dare la possibilit\u00e0 a tutta la cittadinanza di assistere al passaggio dell\u2019importante manifestazione ciclistica\u201d, ha concluso Santoro.<\/p>\n","protected":false},"excerpt":{"rendered":"<p>Mercoled\u00ec 11, in occasione della V tappa del Giro d\u2019Italia 2022, che interesser\u00e0 il territorio comunale con l\u2019arrivo a piazza Unione Europea, il Commissario Straordinario Leonardo Santoro ha disposto per l\u2019intera giornata di mercoled\u00ec 11 la chiusura di tutti gli Istituti scolastici di ogni ordine e grado pubblici, privati e parificati: scuole dell\u2019infanzia, primarie, secondarie [&hellip;]<\/p>\n","protected":false},"author":8,"featured_media":54186,"comment_status":"open","ping_status":"open","sticky":false,"template":"","format":"standard","meta":{"ub_ctt_via":"","_mi_skip_tracking":false},"categories":[5],"tags":[664],"featured_image_src":"https:\/\/www.messinaoggi.it\/website\/wp-content\/uploads\/2021\/03\/20210304_0195.jpg","author_info":{"display_name":"red..me","author_link":"https:\/\/www.messinaoggi.it\/website\/author\/redstage\/"},"digistream_id":0,"digistream":false,"_links":{"self":[{"href":"https:\/\/www.messinaoggi.it\/website\/wp-json\/wp\/v2\/posts\/106779"}],"collection":[{"href":"https:\/\/www.messinaoggi.it\/website\/wp-json\/wp\/v2\/posts"}],"about":[{"href":"https:\/\/www.messinaoggi.it\/website\/wp-json\/wp\/v2\/types\/post"}],"author":[{"embeddable":true,"href":"https:\/\/www.messinaoggi.it\/website\/wp-json\/wp\/v2\/users\/8"}],"replies":[{"embeddable":true,"href":"https:\/\/www.messinaoggi.it\/website\/wp-json\/wp\/v2\/comments?post=106779"}],"version-history":[{"count":1,"href":"https:\/\/www.messinaoggi.it\/website\/wp-json\/wp\/v2\/posts\/106779\/revisions"}],"predecessor-version":[{"id":106780,"href":"https:\/\/www.messinaoggi.it\/website\/wp-json\/wp\/v2\/posts\/106779\/revisions\/106780"}],"wp:featuredmedia":[{"embeddable":true,"href":"https:\/\/www.messinaoggi.it\/website\/wp-json\/wp\/v2\/media\/54186"}],"wp:attachment":[{"href":"https:\/\/www.messinaoggi.it\/website\/wp-json\/wp\/v2\/media?parent=106779"}],"wp:term":[{"taxonomy":"category","embeddable":true,"href":"https:\/\/www.messinaoggi.it\/website\/wp-json\/wp\/v2\/categories?post=106779"},{"taxonomy":"post_tag","embeddable":true,"href":"https:\/\/www.messinaoggi.it\/website\/wp-json\/wp\/v2\/tags?post=106779"}],"curies":[{"name":"wp","href":"https:\/\/api.w.org\/{rel}","templated":true}]}}