{"id":10665,"date":"2017-10-30T10:15:42","date_gmt":"2017-10-30T09:15:42","guid":{"rendered":"http:\/\/www.messinaoggi.it\/website\/?p=10665"},"modified":"2017-10-30T10:15:42","modified_gmt":"2017-10-30T09:15:42","slug":"taormina-ennese-denunciato-per-detenzione-di-armi-bianche","status":"publish","type":"post","link":"https:\/\/www.messinaoggi.it\/website\/2017\/10\/30\/taormina-ennese-denunciato-per-detenzione-di-armi-bianche\/","title":{"rendered":"Taormina: ennese denunciato per detenzione di armi bianche"},"content":{"rendered":"<p>Gli agenti della polizia locale, coordinati\u00a0dal vice comandante, Daniele Lo Presti, hanno denunciato un ennese di anni 49 anni, G. V., in trasferta nella citt\u00e0 del centauro (presumibilmente taxista abusivo ma non ancora accertato).<br \/>\nA bordo del mezzo, una Renault Kadjar, gli agenti hanno rinvenuto due mazze, un coltello con 11 cm di lama seghettata ed a punta, un taglierino con 9 cm di lama.<br \/>\nVisti i precedenti specifici del 2008 (sempre a Taormina, operanti polizia di stato) \u00e8 stato effettuato il sequestro delle arme improprie ed il soggetto \u00e9 stato deferito all&#8217;Autorit\u00e0 giudiziaria in stato di libert\u00e0 per violazione art. 4 L. 110\/1975.<br \/>\n<strong>Mauro Romano<\/strong><div id=\"div-gpt-ad-Messinaoggi.it-DSK-300x250-corpoart\" style=\"text-align:center;margin:0 auto;\"><\/div><\/p>\n<div id=\"videoincontent\" style=\"clear:both\";><\/div>","protected":false},"excerpt":{"rendered":"<p>Gli agenti della polizia locale, coordinati\u00a0dal vice comandante, Daniele Lo Presti, hanno denunciato un ennese di anni 49 anni, G. V., in trasferta nella citt\u00e0 del centauro (presumibilmente taxista abusivo ma non ancora accertato). A bordo del mezzo, una Renault Kadjar, gli agenti hanno rinvenuto due mazze, un coltello con 11 cm di lama seghettata [&hellip;]<\/p>\n","protected":false},"author":2,"featured_media":10669,"comment_status":"closed","ping_status":"open","sticky":false,"template":"","format":"standard","meta":{"ub_ctt_via":"","_mi_skip_tracking":false},"categories":[3],"tags":[],"featured_image_src":"https:\/\/www.messinaoggi.it\/website\/wp-content\/uploads\/2017\/10\/taormina-armi-sequestrate-a-49enne-ennese.jpg","author_info":{"display_name":"Redazione","author_link":"https:\/\/www.messinaoggi.it\/website\/author\/redazione\/"},"digistream_id":0,"digistream":false,"_links":{"self":[{"href":"https:\/\/www.messinaoggi.it\/website\/wp-json\/wp\/v2\/posts\/10665"}],"collection":[{"href":"https:\/\/www.messinaoggi.it\/website\/wp-json\/wp\/v2\/posts"}],"about":[{"href":"https:\/\/www.messinaoggi.it\/website\/wp-json\/wp\/v2\/types\/post"}],"author":[{"embeddable":true,"href":"https:\/\/www.messinaoggi.it\/website\/wp-json\/wp\/v2\/users\/2"}],"replies":[{"embeddable":true,"href":"https:\/\/www.messinaoggi.it\/website\/wp-json\/wp\/v2\/comments?post=10665"}],"version-history":[{"count":0,"href":"https:\/\/www.messinaoggi.it\/website\/wp-json\/wp\/v2\/posts\/10665\/revisions"}],"wp:featuredmedia":[{"embeddable":true,"href":"https:\/\/www.messinaoggi.it\/website\/wp-json\/wp\/v2\/media\/10669"}],"wp:attachment":[{"href":"https:\/\/www.messinaoggi.it\/website\/wp-json\/wp\/v2\/media?parent=10665"}],"wp:term":[{"taxonomy":"category","embeddable":true,"href":"https:\/\/www.messinaoggi.it\/website\/wp-json\/wp\/v2\/categories?post=10665"},{"taxonomy":"post_tag","embeddable":true,"href":"https:\/\/www.messinaoggi.it\/website\/wp-json\/wp\/v2\/tags?post=10665"}],"curies":[{"name":"wp","href":"https:\/\/api.w.org\/{rel}","templated":true}]}}