{"id":10661,"date":"2017-10-30T09:57:31","date_gmt":"2017-10-30T08:57:31","guid":{"rendered":"http:\/\/www.messinaoggi.it\/website\/?p=10661"},"modified":"2017-10-30T09:57:31","modified_gmt":"2017-10-30T08:57:31","slug":"scuola-il-3-novembre-corteo-e-adunata-davanti-a-palazzo-dei-giurati","status":"publish","type":"post","link":"https:\/\/www.messinaoggi.it\/website\/2017\/10\/30\/scuola-il-3-novembre-corteo-e-adunata-davanti-a-palazzo-dei-giurati\/","title":{"rendered":"Scuola, il 3 novembre corteo e adunata davanti a Palazzo dei Giurati"},"content":{"rendered":"<p>I genitori hanno deciso di scendere in piazza per sollevare la questione della mancanza di un&#8217;adeguata sensibilit\u00e0 da parte dell&#8217;Amministrazione attiva sulle problematiche scolastiche. Prevista un&#8217;eclatante forma di protesta il 3 novembre.<br \/>\nSi parla di un corteo di almeno 150 persone ai quali si dovranno aggiungere i bimbi. La sfilata \u00e8 prevista, una volta effettuata debita comunicazione agli organi di Polizia e salvo ripensamenti dell&#8217;ultima ora, per le ore 10,30.<br \/>\nIl corteo muover\u00e0 da piazza Santa Caterina arriver\u00e0 in piazza IX Aprile e si fermer\u00e0 sotto Palazzo dei Giurati. Qui, come si ricorder\u00e0, si \u00e8 svolta un&#8217;altra adunata di mamme e pap\u00e0, che non ha avuto, almeno per il momento, alcun effetto visto che la situazione dei plessi scolastici \u00e8 rimasta, sostanzialmente, quella di poco tempo addietro.<div id=\"div-gpt-ad-Messinaoggi.it-DSK-300x250-corpoart\" style=\"text-align:center;margin:0 auto;\"><\/div><\/p>\n<div id=\"videoincontent\" style=\"clear:both\";><\/div>","protected":false},"excerpt":{"rendered":"<p>I genitori hanno deciso di scendere in piazza per sollevare la questione della mancanza di un&#8217;adeguata sensibilit\u00e0 da parte dell&#8217;Amministrazione attiva sulle problematiche scolastiche. Prevista un&#8217;eclatante forma di protesta il 3 novembre. Si parla di un corteo di almeno 150 persone ai quali si dovranno aggiungere i bimbi. La sfilata \u00e8 prevista, una volta effettuata [&hellip;]<\/p>\n","protected":false},"author":2,"featured_media":10662,"comment_status":"closed","ping_status":"open","sticky":false,"template":"","format":"standard","meta":{"ub_ctt_via":"","_mi_skip_tracking":false},"categories":[3],"tags":[],"featured_image_src":"https:\/\/www.messinaoggi.it\/website\/wp-content\/uploads\/2017\/10\/scuola-protesta-a-taormina.jpg","author_info":{"display_name":"Redazione","author_link":"https:\/\/www.messinaoggi.it\/website\/author\/redazione\/"},"digistream_id":0,"digistream":false,"_links":{"self":[{"href":"https:\/\/www.messinaoggi.it\/website\/wp-json\/wp\/v2\/posts\/10661"}],"collection":[{"href":"https:\/\/www.messinaoggi.it\/website\/wp-json\/wp\/v2\/posts"}],"about":[{"href":"https:\/\/www.messinaoggi.it\/website\/wp-json\/wp\/v2\/types\/post"}],"author":[{"embeddable":true,"href":"https:\/\/www.messinaoggi.it\/website\/wp-json\/wp\/v2\/users\/2"}],"replies":[{"embeddable":true,"href":"https:\/\/www.messinaoggi.it\/website\/wp-json\/wp\/v2\/comments?post=10661"}],"version-history":[{"count":0,"href":"https:\/\/www.messinaoggi.it\/website\/wp-json\/wp\/v2\/posts\/10661\/revisions"}],"wp:featuredmedia":[{"embeddable":true,"href":"https:\/\/www.messinaoggi.it\/website\/wp-json\/wp\/v2\/media\/10662"}],"wp:attachment":[{"href":"https:\/\/www.messinaoggi.it\/website\/wp-json\/wp\/v2\/media?parent=10661"}],"wp:term":[{"taxonomy":"category","embeddable":true,"href":"https:\/\/www.messinaoggi.it\/website\/wp-json\/wp\/v2\/categories?post=10661"},{"taxonomy":"post_tag","embeddable":true,"href":"https:\/\/www.messinaoggi.it\/website\/wp-json\/wp\/v2\/tags?post=10661"}],"curies":[{"name":"wp","href":"https:\/\/api.w.org\/{rel}","templated":true}]}}