{"id":106533,"date":"2022-05-03T18:29:09","date_gmt":"2022-05-03T16:29:09","guid":{"rendered":"http:\/\/www.messinaoggi.it\/website\/?p=106533"},"modified":"2022-05-03T18:29:11","modified_gmt":"2022-05-03T16:29:11","slug":"fondi-fsc-germana-e-bruno-a-messina-zero-euro-da-regione-nessuna-considerazione","status":"publish","type":"post","link":"https:\/\/www.messinaoggi.it\/website\/2022\/05\/03\/fondi-fsc-germana-e-bruno-a-messina-zero-euro-da-regione-nessuna-considerazione\/","title":{"rendered":"Fondi FSC, German\u00e0 e Bruno: &#8220;A Messina zero euro, da regione nessuna considerazione&#8221;"},"content":{"rendered":"\n<p>\u201cIl Cipe ha ripartito i fondi FSC dell\u2019Agenzia di Coesione con una evidente assenza di attenzione per Messina. Al Comune, infatti sono andati zero euro. Circa 9 i milioni di euro invece destinati ai comuni della citt\u00e0 metropolitana, ovvero meno dei fondi attribuiti al libero Consorzio di Siracusa\u201d. Lo affermano il deputato Nino German\u00e0 Daniela Bruno di Prima l&#8217;Italia.<div id=\"div-gpt-ad-Messinaoggi.it-DSK-300x250-corpoart\" style=\"text-align:center;margin:0 auto;\"><\/div><\/p>\n\n\n\n<p>\u201cPerch\u00e9? Perch\u00e9 in assenza del presidio competente e del peso politico di una comunit\u00e0 &#8211; hanno precisato &#8211; i fondi vengono attribuiti in base soprattutto alle indicazioni regionali, in sede di programmazione con l\u2019Agenzia di Coesione ma, evidentemente al presidente Musumeci e all\u2019assessore allo sviluppo economico la citt\u00e0 di Messina non interessa\u201d.<div id=\"videoincontent\" style=\"clear:both\";><\/div><\/p>\n\n\n\n<p>&#8220;Dura la presa di posizione degli esponenti di Prima l\u2019Italia, secondo cui si \u00e8 di fronte ad una \u201cscandalosa mancanza di considerazione per Messina e per i messinesi\u201d. Da qui l\u2019appello lanciato da German\u00e0 e Bruno: \u201csiamo al fianco di Cateno De Luca e Carlotta Previti nel rivendicare una ripartizione pi\u00f9 equa e razionale che possa consentire alla Citt\u00e0 dello Stretto di usufruire di queste importanti risorse finalizzate allo sviluppo sostenibile e al rilancio di Messina\u201d.<\/p>\n","protected":false},"excerpt":{"rendered":"<p>\u201cIl Cipe ha ripartito i fondi FSC dell\u2019Agenzia di Coesione con una evidente assenza di attenzione per Messina. Al Comune, infatti sono andati zero euro. Circa 9 i milioni di euro invece destinati ai comuni della citt\u00e0 metropolitana, ovvero meno dei fondi attribuiti al libero Consorzio di Siracusa\u201d. Lo affermano il deputato Nino German\u00e0 Daniela [&hellip;]<\/p>\n","protected":false},"author":8,"featured_media":61090,"comment_status":"open","ping_status":"open","sticky":false,"template":"","format":"standard","meta":{"ub_ctt_via":"","_mi_skip_tracking":false},"categories":[4],"tags":[1137,1082],"featured_image_src":"https:\/\/www.messinaoggi.it\/website\/wp-content\/uploads\/2021\/04\/3022851C-A5E9-4B3C-A4C6-AD49F43EBEBC.jpeg","author_info":{"display_name":"red..me","author_link":"https:\/\/www.messinaoggi.it\/website\/author\/redstage\/"},"digistream_id":0,"digistream":false,"_links":{"self":[{"href":"https:\/\/www.messinaoggi.it\/website\/wp-json\/wp\/v2\/posts\/106533"}],"collection":[{"href":"https:\/\/www.messinaoggi.it\/website\/wp-json\/wp\/v2\/posts"}],"about":[{"href":"https:\/\/www.messinaoggi.it\/website\/wp-json\/wp\/v2\/types\/post"}],"author":[{"embeddable":true,"href":"https:\/\/www.messinaoggi.it\/website\/wp-json\/wp\/v2\/users\/8"}],"replies":[{"embeddable":true,"href":"https:\/\/www.messinaoggi.it\/website\/wp-json\/wp\/v2\/comments?post=106533"}],"version-history":[{"count":1,"href":"https:\/\/www.messinaoggi.it\/website\/wp-json\/wp\/v2\/posts\/106533\/revisions"}],"predecessor-version":[{"id":106535,"href":"https:\/\/www.messinaoggi.it\/website\/wp-json\/wp\/v2\/posts\/106533\/revisions\/106535"}],"wp:featuredmedia":[{"embeddable":true,"href":"https:\/\/www.messinaoggi.it\/website\/wp-json\/wp\/v2\/media\/61090"}],"wp:attachment":[{"href":"https:\/\/www.messinaoggi.it\/website\/wp-json\/wp\/v2\/media?parent=106533"}],"wp:term":[{"taxonomy":"category","embeddable":true,"href":"https:\/\/www.messinaoggi.it\/website\/wp-json\/wp\/v2\/categories?post=106533"},{"taxonomy":"post_tag","embeddable":true,"href":"https:\/\/www.messinaoggi.it\/website\/wp-json\/wp\/v2\/tags?post=106533"}],"curies":[{"name":"wp","href":"https:\/\/api.w.org\/{rel}","templated":true}]}}