{"id":106450,"date":"2022-05-02T21:47:33","date_gmt":"2022-05-02T19:47:33","guid":{"rendered":"https:\/\/www.messinaoggi.it\/website\/2022\/05\/02\/svolta-nel-centrodestra-a-palermo-verso-lagalla-candidato-unico\/"},"modified":"2022-05-02T21:47:33","modified_gmt":"2022-05-02T19:47:33","slug":"svolta-nel-centrodestra-a-palermo-verso-lagalla-candidato-unico","status":"publish","type":"post","link":"https:\/\/www.messinaoggi.it\/website\/2022\/05\/02\/svolta-nel-centrodestra-a-palermo-verso-lagalla-candidato-unico\/","title":{"rendered":"Svolta nel centrodestra, a Palermo verso Lagalla candidato unico"},"content":{"rendered":"<div>\n<p>PALERMO (ITALPRESS) \u2013 Svolta nel centrodestra siciliano in vista delle Amministrative palermitane del prossimo 12 giugno. Secondo quanto apprende l\u2019Italpress da qualificate fonti della coalizione, domani durante l\u2019incontro in programma alle 12 tra i tre candidati sindaco Francesco Cascio, Roberto Lagalla e Tot\u00f2 Lentini, tutti i partiti del centrodestra dovrebbero convergere su Lagalla candidato unico. Cascio dovrebbe invece ritirarsi dalla corsa e al momento non sarebbe previsto alcun incarico per l\u2019ex presidente dell\u2019Ars, mentre Lentini con ogni probabilit\u00e0 avr\u00e0 un ruolo nella Giunta Lagalla qualora l\u2019ex rettore dell\u2019Ateneo di Palermo dovesse essere eletto. Dopo le frizioni dei giorni scorsi, si sarebbe giunti dunque a una vera e propria svolta. Una svolta anticipata nel pomeriggio dalla nota congiunta a firma Tot\u00f2 Lentini e Gianfranco Miccich\u00e8, nella quale i leader di Alleanza per Palermo e di Forza Italia annunciavano che \u201cci siamo incontrati per trovare assieme una soluzione unitaria per un centrodestra coeso, forte e vincente a Palermo in vista delle amministrative del 12 giugno. Abbiamo convenuto un percorso comune per il bene della citt\u00e0\u201d. <br \/>\u201cAbbiamo condiviso una serie di punti che fanno parte del  programma di Alleanza per Palermo che sono poi anche parte del programma di Forza Italia e che individuano soluzioni per il bene di Palermo \u2013 le parole di Lentini e Miccich\u00e8 -. Al di l\u00e0 delle candidature in campo, da innamorati della nostra citt\u00e0, abbiamo deciso di trattare assieme i punti in questione per rafforzare il programma che presenteremo nei prossimi giorni\u201d.<br \/>Parole che hanno trovato ulteriore conferma in serata, quando i coordinatori regionali dei partiti di centrodestra hanno fatto sapere che \u201ca seguito delle interlocuzioni tra i candidati a sindaco per la citt\u00e0 di Palermo Francesco Cascio, Roberto Lagalla e Tot\u00f2 Lentini, unitamente alle forze politiche del centro destra che li sostengono, \u00e8 stato deciso di comune accordo di dare vita ad un incontro che si terr\u00e0 domani alle ore 12,30 per trovare, con spirito unitario, una sintesi ed addivenire ad una unica candidatura a sindaco\u201d. Che dovrebbe, appunto, essere proprio Lagalla.<div id=\"div-gpt-ad-Messinaoggi.it-DSK-300x250-corpoart\" style=\"text-align:center;margin:0 auto;\"><\/div><\/p>\n<p>\u2013 foto Agenziafotogramma \u2013<br \/>(ITALPRESS).<div id=\"videoincontent\" style=\"clear:both\";><\/div><\/p>\n<\/div>\n","protected":false},"excerpt":{"rendered":"<p>PALERMO (ITALPRESS) \u2013 Svolta nel centrodestra siciliano in vista delle Amministrative palermitane del prossimo 12 giugno. Secondo quanto apprende l\u2019Italpress da qualificate fonti della coalizione, domani durante l\u2019incontro in programma alle 12 tra i tre candidati sindaco Francesco Cascio, Roberto Lagalla e Tot\u00f2 Lentini, tutti i partiti del centrodestra dovrebbero convergere su Lagalla candidato unico. [&hellip;]<\/p>\n","protected":false},"author":18,"featured_media":106451,"comment_status":"closed","ping_status":"closed","sticky":false,"template":"","format":"standard","meta":{"ub_ctt_via":"","_mi_skip_tracking":false},"categories":[2449],"tags":[783],"featured_image_src":"https:\/\/www.messinaoggi.it\/website\/wp-content\/uploads\/2022\/05\/20220502_3049.jpg","author_info":{"display_name":"Admin","author_link":"https:\/\/www.messinaoggi.it\/website\/author\/admin\/"},"digistream_id":0,"digistream":false,"_links":{"self":[{"href":"https:\/\/www.messinaoggi.it\/website\/wp-json\/wp\/v2\/posts\/106450"}],"collection":[{"href":"https:\/\/www.messinaoggi.it\/website\/wp-json\/wp\/v2\/posts"}],"about":[{"href":"https:\/\/www.messinaoggi.it\/website\/wp-json\/wp\/v2\/types\/post"}],"author":[{"embeddable":true,"href":"https:\/\/www.messinaoggi.it\/website\/wp-json\/wp\/v2\/users\/18"}],"replies":[{"embeddable":true,"href":"https:\/\/www.messinaoggi.it\/website\/wp-json\/wp\/v2\/comments?post=106450"}],"version-history":[{"count":0,"href":"https:\/\/www.messinaoggi.it\/website\/wp-json\/wp\/v2\/posts\/106450\/revisions"}],"wp:featuredmedia":[{"embeddable":true,"href":"https:\/\/www.messinaoggi.it\/website\/wp-json\/wp\/v2\/media\/106451"}],"wp:attachment":[{"href":"https:\/\/www.messinaoggi.it\/website\/wp-json\/wp\/v2\/media?parent=106450"}],"wp:term":[{"taxonomy":"category","embeddable":true,"href":"https:\/\/www.messinaoggi.it\/website\/wp-json\/wp\/v2\/categories?post=106450"},{"taxonomy":"post_tag","embeddable":true,"href":"https:\/\/www.messinaoggi.it\/website\/wp-json\/wp\/v2\/tags?post=106450"}],"curies":[{"name":"wp","href":"https:\/\/api.w.org\/{rel}","templated":true}]}}