{"id":106404,"date":"2022-05-02T17:17:33","date_gmt":"2022-05-02T15:17:33","guid":{"rendered":"https:\/\/www.messinaoggi.it\/website\/2022\/05\/02\/comunali-palermo-miceli-pronto-ad-ascoltare-tutti-ma-scelgo-io\/"},"modified":"2022-05-02T17:17:33","modified_gmt":"2022-05-02T15:17:33","slug":"comunali-palermo-miceli-pronto-ad-ascoltare-tutti-ma-scelgo-io","status":"publish","type":"post","link":"https:\/\/www.messinaoggi.it\/website\/2022\/05\/02\/comunali-palermo-miceli-pronto-ad-ascoltare-tutti-ma-scelgo-io\/","title":{"rendered":"Comunali Palermo, Miceli \u201cPronto ad ascoltare tutti ma scelgo io\u201d"},"content":{"rendered":"<div>\n<p>PALERMO (ITALPRESS) \u2013 Al via affrontando le emergenze della citt\u00e0: rifiuti, sepolture e manutenzione di spazi pubblici per costruire una nuova citt\u00e0 che oggi pu\u00f2 essere paragonata a un architetto \u201cche ha a che fare con il decostruttivismo\u201d. Sorride rispondendo alla domanda Franco Miceli, fino a qualche giorno fa presidente dell\u2019Ordine nazionale degli Architetti e tornato in Sicilia a rappresentare lo schieramento progressista per la corsa a sindaco di Palermo, a capo di una coalizione formata da Pd-M5s-Sinistra Ecologista e movimenti civici. Una missione illustrata nel corso di una intervista all\u2019Agenzia Italpress. \u201cIl programma dei cento giorni lo abbiamo definito e dobbiamo iniziare ad affrontare alcune emergenze di questa citt\u00e0, a partire dal tema dei rifiuti che riguarda la qualit\u00e0 della vita della citt\u00e0, ma anche la situazione dei cimiteri che \u00e8 assolutamente incresciosa. E poi sono necessari anche interventi in tema di manutenzione straordinaria della viabilit\u00e0 e di altri spazi pubblici\u201d. <br \/>Tutto questo, evidenzia, a fronte di un bilancio sotto osservazione e in dissesto e con la procedura di emergenza gi\u00e0 attivata per permettere l\u2019aiuto del governo nazionale. Palermo soffre non tanto per i debiti accumulati (come altre citt\u00e0 come Napoli) quanto per la scarsa capacit\u00e0 di riscuotere i tributi. \u201cBisogner\u00e0 attivarsi per riuscire a risanare le casse del Comune \u2013 dice Miceli \u2013 in questo momento in situazione di disavanzo ma non per una situazione debitoria ma perch\u00e8 il Comune ha difficolt\u00e0 a introitare i tributi. Circa il 45% dei cittadini non paga i tributi. Abbiamo proposto un patto per Palermo e la citt\u00e0 fa parte di quelle amministrazioni per cui \u00e8 previsto l\u2019intervento dello Stato per aiutare i comuni in difficolt\u00e0. Solo che i parametri di riferimento sono quelli legati al debito, ma questo non va bene per Palermo. Pensiamo di ricontrattare con il governo nazionale un nuovo accordo per affrontare questo specifico problema\u201d. <br \/>Quindi un passaggio sulla squadra di governo. \u201cSar\u00e0 formata da uomini e soprattutto donne con competenze e conoscenza della realt\u00e0 di governo e capacit\u00e0 di governo. Sar\u00e0 una squadra nuova\u201d. \u201cSono stato chiamato da una coalizione di forze chiedendo di essere candidato alla carica di primo cittadino di Palermo. Ho chiesto la massima autonomia e indipendenza che non vuol dire non condividere le scelte, discuter\u00f2 con tutti ma voglio che sia io a determinare le scelte che si fanno per la citt\u00e0. Questa \u2013 dice ancora \u2013 \u00e8 una premessa indispensabile per consentire a me e alla coalizione di portare avanti un programma per la citt\u00e0 di Palermo\u201d. \u201cPalermo oggi \u00e8 come un architetto che si occupa di decostruttivismo \u2013 chiude Miceli -. Bisogna cambiare anche questa tendenza\u2026\u201d.<br \/>\u2013 Foto Italpress \u2013<br \/>(ITALPRESS).<div id=\"div-gpt-ad-Messinaoggi.it-DSK-300x250-corpoart\" style=\"text-align:center;margin:0 auto;\"><\/div><\/p>\n<\/div>\n<div id=\"videoincontent\" style=\"clear:both\";><\/div>","protected":false},"excerpt":{"rendered":"<p>PALERMO (ITALPRESS) \u2013 Al via affrontando le emergenze della citt\u00e0: rifiuti, sepolture e manutenzione di spazi pubblici per costruire una nuova citt\u00e0 che oggi pu\u00f2 essere paragonata a un architetto \u201cche ha a che fare con il decostruttivismo\u201d. Sorride rispondendo alla domanda Franco Miceli, fino a qualche giorno fa presidente dell\u2019Ordine nazionale degli Architetti e [&hellip;]<\/p>\n","protected":false},"author":18,"featured_media":106405,"comment_status":"closed","ping_status":"closed","sticky":false,"template":"","format":"standard","meta":{"ub_ctt_via":"","_mi_skip_tracking":false},"categories":[2449],"tags":[783],"featured_image_src":"https:\/\/www.messinaoggi.it\/website\/wp-content\/uploads\/2022\/05\/20220502_2505.jpg","author_info":{"display_name":"Admin","author_link":"https:\/\/www.messinaoggi.it\/website\/author\/admin\/"},"digistream_id":0,"digistream":false,"_links":{"self":[{"href":"https:\/\/www.messinaoggi.it\/website\/wp-json\/wp\/v2\/posts\/106404"}],"collection":[{"href":"https:\/\/www.messinaoggi.it\/website\/wp-json\/wp\/v2\/posts"}],"about":[{"href":"https:\/\/www.messinaoggi.it\/website\/wp-json\/wp\/v2\/types\/post"}],"author":[{"embeddable":true,"href":"https:\/\/www.messinaoggi.it\/website\/wp-json\/wp\/v2\/users\/18"}],"replies":[{"embeddable":true,"href":"https:\/\/www.messinaoggi.it\/website\/wp-json\/wp\/v2\/comments?post=106404"}],"version-history":[{"count":0,"href":"https:\/\/www.messinaoggi.it\/website\/wp-json\/wp\/v2\/posts\/106404\/revisions"}],"wp:featuredmedia":[{"embeddable":true,"href":"https:\/\/www.messinaoggi.it\/website\/wp-json\/wp\/v2\/media\/106405"}],"wp:attachment":[{"href":"https:\/\/www.messinaoggi.it\/website\/wp-json\/wp\/v2\/media?parent=106404"}],"wp:term":[{"taxonomy":"category","embeddable":true,"href":"https:\/\/www.messinaoggi.it\/website\/wp-json\/wp\/v2\/categories?post=106404"},{"taxonomy":"post_tag","embeddable":true,"href":"https:\/\/www.messinaoggi.it\/website\/wp-json\/wp\/v2\/tags?post=106404"}],"curies":[{"name":"wp","href":"https:\/\/api.w.org\/{rel}","templated":true}]}}