{"id":106402,"date":"2022-05-02T17:07:34","date_gmt":"2022-05-02T15:07:34","guid":{"rendered":"https:\/\/www.messinaoggi.it\/website\/2022\/05\/02\/cinema-franceschini-lavoriamo-a-una-legge-per-aiutare-le-sale\/"},"modified":"2022-05-02T17:07:34","modified_gmt":"2022-05-02T15:07:34","slug":"cinema-franceschini-lavoriamo-a-una-legge-per-aiutare-le-sale","status":"publish","type":"post","link":"https:\/\/www.messinaoggi.it\/website\/2022\/05\/02\/cinema-franceschini-lavoriamo-a-una-legge-per-aiutare-le-sale\/","title":{"rendered":"Cinema, Franceschini \u201cLavoriamo a una legge per aiutare le sale\u201d"},"content":{"rendered":"<div>ROMA (ITALPRESS) &#8211; &#8220;Viviamo in un tempo segnato da eventi drammatici, come la pandemia e la guerra, eppure abbiamo attraversato questo tempo difficile con un mondo dell&#8217;audiovisivo che non si \u00e8 mai fermato e ha conosciuto anzi una stagione di crescita dirompente. In Italia, grazie a misure come il tax credit abbiamo avuto un periodo di grande dinamismo imprenditoriale che abbiamo il dovere di continuare a rafforzare e incoraggiare. Una vivacit\u00e0 che sar\u00e0 trainante anche per la ripresa generale&#8221;. Lo ha detto il ministro della Cultura, Dario Franceschini, durante il suo intervento alla cerimonia di presentazione al Quirinale dei candidati ai premi &#8220;David di Donatello&#8221;.<br \/>&#8220;Il governo \u00e8 consapevole dell&#8217;importanza del settore, &#8211; ha sottolineato il Ministro &#8211; e lo dimostra con gli investimenti fatti: il fondo del Cinema \u00e8 passato da 150 milioni nel 2014, a 400 milioni nel 2017 e quest&#8217;anno sono quasi 750. Nel Pnrr quasi 7 miliardi sono destinati alla cultura, con un grande investimento da 300 milioni su Cinecitt\u00e0, che ospiter\u00e0 domani la cerimonia, e che ambisce a diventare sempre pi\u00f9 un riferimento europeo&#8221;. In questo frangente positivo ha detto il Ministro &#8220;Non dobbiamo ignorare le criticit\u00e0: se dal lato delle produzioni e dei contenuti abbiamo un incremento straordinario, c&#8217;\u00e8 una crisi vera che riguarda le sale che dobbiamo sostenere con misure adeguate. Sono luoghi di aggregazione, presidi culturali e luoghi di socialit\u00e0 e per questo stiamo lavorando &#8211; ha annunciato il Ministro &#8211; a un intervento normativo che stabilisca un sistema di finestre che non valga soltanto per i film italiani sostenuti dallo Stato ma in generale per tutti i film. In pi\u00f9 vogliamo incrementare risorse e investimenti per la modernizzazione delle sale perch\u00e8 siano luoghi immersivi, polifunzionali in cui vivere un esperienza pi\u00f9 estesa di quella della sola visione del film&#8221;. <br \/>(ITALPRESS).<\/div>\n<div id=\"div-gpt-ad-Messinaoggi.it-DSK-300x250-corpoart\" style=\"text-align:center;margin:0 auto;\"><\/div><\/p><div id=\"videoincontent\" style=\"clear:both\";><\/div>","protected":false},"excerpt":{"rendered":"<p>ROMA (ITALPRESS) &#8211; &#8220;Viviamo in un tempo segnato da eventi drammatici, come la pandemia e la guerra, eppure abbiamo attraversato questo tempo difficile con un mondo dell&#8217;audiovisivo che non si \u00e8 mai fermato e ha conosciuto anzi una stagione di crescita dirompente. In Italia, grazie a misure come il tax credit abbiamo avuto un periodo [&hellip;]<\/p>\n","protected":false},"author":18,"featured_media":106403,"comment_status":"closed","ping_status":"closed","sticky":false,"template":"","format":"standard","meta":{"ub_ctt_via":"","_mi_skip_tracking":false},"categories":[446],"tags":[783],"featured_image_src":"https:\/\/www.messinaoggi.it\/website\/wp-content\/uploads\/2022\/05\/20220502_2403.jpg","author_info":{"display_name":"Admin","author_link":"https:\/\/www.messinaoggi.it\/website\/author\/admin\/"},"digistream_id":0,"digistream":false,"_links":{"self":[{"href":"https:\/\/www.messinaoggi.it\/website\/wp-json\/wp\/v2\/posts\/106402"}],"collection":[{"href":"https:\/\/www.messinaoggi.it\/website\/wp-json\/wp\/v2\/posts"}],"about":[{"href":"https:\/\/www.messinaoggi.it\/website\/wp-json\/wp\/v2\/types\/post"}],"author":[{"embeddable":true,"href":"https:\/\/www.messinaoggi.it\/website\/wp-json\/wp\/v2\/users\/18"}],"replies":[{"embeddable":true,"href":"https:\/\/www.messinaoggi.it\/website\/wp-json\/wp\/v2\/comments?post=106402"}],"version-history":[{"count":0,"href":"https:\/\/www.messinaoggi.it\/website\/wp-json\/wp\/v2\/posts\/106402\/revisions"}],"wp:featuredmedia":[{"embeddable":true,"href":"https:\/\/www.messinaoggi.it\/website\/wp-json\/wp\/v2\/media\/106403"}],"wp:attachment":[{"href":"https:\/\/www.messinaoggi.it\/website\/wp-json\/wp\/v2\/media?parent=106402"}],"wp:term":[{"taxonomy":"category","embeddable":true,"href":"https:\/\/www.messinaoggi.it\/website\/wp-json\/wp\/v2\/categories?post=106402"},{"taxonomy":"post_tag","embeddable":true,"href":"https:\/\/www.messinaoggi.it\/website\/wp-json\/wp\/v2\/tags?post=106402"}],"curies":[{"name":"wp","href":"https:\/\/api.w.org\/{rel}","templated":true}]}}