{"id":106394,"date":"2022-05-02T16:07:33","date_gmt":"2022-05-02T14:07:33","guid":{"rendered":"https:\/\/www.messinaoggi.it\/website\/2022\/05\/02\/letta-serve-assegno-energia-e-sostegno-dei-salari\/"},"modified":"2022-05-02T16:07:33","modified_gmt":"2022-05-02T14:07:33","slug":"letta-serve-assegno-energia-e-sostegno-dei-salari","status":"publish","type":"post","link":"https:\/\/www.messinaoggi.it\/website\/2022\/05\/02\/letta-serve-assegno-energia-e-sostegno-dei-salari\/","title":{"rendered":"Letta \u201cServe assegno energia e sostegno dei salari\u201d"},"content":{"rendered":"<div>ROMA (ITALPRESS) &#8211; &#8220;Ci aspettiamo dal Consiglio dei ministri di oggi misure che siano all&#8217;altezza delle sfide. Il nostro Paese rischia la recessione dovuta ai costi che stanno crescendo per via dell&#8217;invasione dell&#8217;Ucraina, costi per l&#8217;energia insostenibili sia per le imprese sia per le famiglie e anche per il mondo dell&#8217;agricoltura. Ci aspettiamo dal governo interventi sulle bollette elettriche, sul costo dell&#8217;energia, sui carburanti e sulle bollette per le famiglie&#8221;. Cos\u00ec il segretario del Pd, Enrico Letta, incontrando i giornalisti a margine di un appuntamento elettorale organizzato a Padova. &#8220;La nostra proposta \u00e8 un assegno energia che sia in grado di compensare sia le imprese sia le famiglie e crediamo sia necessario pagarlo con una tassa pesante sugli extraprofitti che le aziende petrolifere e energetiche hanno fatto in questo periodo. Accanto a questo &#8211; ha aggiunto &#8211; insistiamo molto per un intervento a sostegno dei salari&#8221;. Per Letta &#8220;i salari italiani sono tra i pi\u00f9 bassi d&#8217;Europa, se il costo della vita cresce a dismisura, con quei salari non si regge il costo della vita. Questa \u00e8 l&#8217;equazione su cui c&#8217;\u00e8 bisogno di intervenire: o si abbassano i salari o si abbassa il costo della vita o si fanno entrambe le cose. Sono convinto che il governo sapr\u00e0 cogliere questo grido di dolore dal Paese e sia in grado di intervenire per far s\u00ec che non esploda la recessione. Non si pu\u00f2 intervenire a incendio divampato, perch\u00e8 i costi sarebbero dieci volte superiori&#8221;, ha aggiunto.<br \/>(ITALPRESS).<br \/>-foto ufficio stampa Pd-<\/div>\n<div id=\"div-gpt-ad-Messinaoggi.it-DSK-300x250-corpoart\" style=\"text-align:center;margin:0 auto;\"><\/div><\/p><div id=\"videoincontent\" style=\"clear:both\";><\/div>","protected":false},"excerpt":{"rendered":"<p>ROMA (ITALPRESS) &#8211; &#8220;Ci aspettiamo dal Consiglio dei ministri di oggi misure che siano all&#8217;altezza delle sfide. Il nostro Paese rischia la recessione dovuta ai costi che stanno crescendo per via dell&#8217;invasione dell&#8217;Ucraina, costi per l&#8217;energia insostenibili sia per le imprese sia per le famiglie e anche per il mondo dell&#8217;agricoltura. Ci aspettiamo dal governo [&hellip;]<\/p>\n","protected":false},"author":18,"featured_media":106395,"comment_status":"closed","ping_status":"closed","sticky":false,"template":"","format":"standard","meta":{"ub_ctt_via":"","_mi_skip_tracking":false},"categories":[446],"tags":[783],"featured_image_src":"https:\/\/www.messinaoggi.it\/website\/wp-content\/uploads\/2022\/05\/20220502_1528.jpg","author_info":{"display_name":"Admin","author_link":"https:\/\/www.messinaoggi.it\/website\/author\/admin\/"},"digistream_id":0,"digistream":false,"_links":{"self":[{"href":"https:\/\/www.messinaoggi.it\/website\/wp-json\/wp\/v2\/posts\/106394"}],"collection":[{"href":"https:\/\/www.messinaoggi.it\/website\/wp-json\/wp\/v2\/posts"}],"about":[{"href":"https:\/\/www.messinaoggi.it\/website\/wp-json\/wp\/v2\/types\/post"}],"author":[{"embeddable":true,"href":"https:\/\/www.messinaoggi.it\/website\/wp-json\/wp\/v2\/users\/18"}],"replies":[{"embeddable":true,"href":"https:\/\/www.messinaoggi.it\/website\/wp-json\/wp\/v2\/comments?post=106394"}],"version-history":[{"count":0,"href":"https:\/\/www.messinaoggi.it\/website\/wp-json\/wp\/v2\/posts\/106394\/revisions"}],"wp:featuredmedia":[{"embeddable":true,"href":"https:\/\/www.messinaoggi.it\/website\/wp-json\/wp\/v2\/media\/106395"}],"wp:attachment":[{"href":"https:\/\/www.messinaoggi.it\/website\/wp-json\/wp\/v2\/media?parent=106394"}],"wp:term":[{"taxonomy":"category","embeddable":true,"href":"https:\/\/www.messinaoggi.it\/website\/wp-json\/wp\/v2\/categories?post=106394"},{"taxonomy":"post_tag","embeddable":true,"href":"https:\/\/www.messinaoggi.it\/website\/wp-json\/wp\/v2\/tags?post=106394"}],"curies":[{"name":"wp","href":"https:\/\/api.w.org\/{rel}","templated":true}]}}