{"id":106386,"date":"2022-05-02T14:07:32","date_gmt":"2022-05-02T12:07:32","guid":{"rendered":"https:\/\/www.messinaoggi.it\/website\/2022\/05\/02\/mattarella-la-guerra-insensata-non-metta-in-discussione-i-legami-in-europa\/"},"modified":"2022-05-02T14:07:32","modified_gmt":"2022-05-02T12:07:32","slug":"mattarella-la-guerra-insensata-non-metta-in-discussione-i-legami-in-europa","status":"publish","type":"post","link":"https:\/\/www.messinaoggi.it\/website\/2022\/05\/02\/mattarella-la-guerra-insensata-non-metta-in-discussione-i-legami-in-europa\/","title":{"rendered":"Mattarella \u201cLa guerra insensata non metta in discussione i legami in Europa\u201d"},"content":{"rendered":"<div>ROMA (ITALPRESS) &#8211; &#8220;Una guerra insensata non pu\u00f2 mettere in discussione i legami spirituali e culturali che, nei secoli, si sono fortemente intrecciati nel mondo della cultura d&#8217;Europa. La scelta sciagurata della Federazione Russa di fare ricorso alla brutalit\u00e0 della violenza e della guerra non pu\u00f2 e non deve lacerare quei legami preziosi tra i popoli europei che la cultura ha contribuito a costruire e a consolidare&#8221;. Cos\u00ec il Presidente della Repubblica, Sergio Mattarella, nel corso della cerimonia di presentazione dei candidati ai Premi &#8220;David di Donatello&#8221; 2022. &#8220;La guerra scatenata nel cuore d&#8217;Europa da un&#8217;aggressione inaccettabile scuote le nostre coscienze. La cultura non si ferma. Neppure di fronte alla guerra. La cultura unisce. Supera i confini &#8211; limiti che essa non contempla &#8211; ed \u00e8 fondamentale per ricreare condizioni di pace&#8221;, ha aggiunto. <br \/>Per il Capo dello Stato la &#8220;doverosa indignazione e la condanna non possono certo riguardare la cultura, grandi spiriti del passato e le loro opere, che tanto hanno dato alla civilt\u00e0 del mondo intero. Sarebbe grave e controproducente per la nostra Italia e la nostra Europa. Lacerare la cultura europea, significherebbe assecondare quella logica di aggressione&#8221;. Mattarella ha poi citato Sofia Loren e la vittoria agli Oscar con il film La ciociara, &#8220;fu la prima donna a vincere quel titolo per un film non in lingua inglese. Ricordiamo quelle sequenze che, drammaticamente, richiamano gli orrori cui oggi imprevedibilmente assistiamo&#8221;. Nel corso della cerimonia avvenuta al Palazzo del Quirinale che ha visto la presenza, tra gli altri del ministro della Cultura, Dario Franceschini, la vincitrice del David alla carriera, Giovanna Ralli, la vincitrice del David speciale 2022, Sabrina Ferilli, il Presidente Mattarella ha ricordato come i due anni drammatici della pandemia abbiano sconvolto i ritmi di vita, le abitudini, le stesse priorit\u00e0 della nostra comunit\u00e0 nazionale. &#8220;La pandemia ha fortemente condizionato tante nostre attivit\u00e0. Per il cinema \u00e8 stato un colpo durissimo la chiusura, per lunghi periodi, delle sale e il prolungarsi delle misure di prevenzione. Ma credo che sia inesatto dire che quello della pandemia sia stato per il cinema italiano un tempo di paralisi. La crisi \u00e8 stata forte, ma l&#8217;ideazione, la produzione, la realizzazione di opere \u00e8 proseguita. E &#8211; ha proseguito &#8211; non \u00e8 azzardato dire che il cinema oggi sta vivendo una stagione di crescita. Non \u00e8 la prima volta, del resto, nella storia &#8211; in quella italiana particolarmente &#8211; che si pu\u00f2 parlare di crescita attraverso una crisi&#8221;. <br \/>-Photo credit: agenziafotogramma.it-<br \/>(ITALPRESS).<\/div>\n<div id=\"div-gpt-ad-Messinaoggi.it-DSK-300x250-corpoart\" style=\"text-align:center;margin:0 auto;\"><\/div><\/p><div id=\"videoincontent\" style=\"clear:both\";><\/div>","protected":false},"excerpt":{"rendered":"<p>ROMA (ITALPRESS) &#8211; &#8220;Una guerra insensata non pu\u00f2 mettere in discussione i legami spirituali e culturali che, nei secoli, si sono fortemente intrecciati nel mondo della cultura d&#8217;Europa. La scelta sciagurata della Federazione Russa di fare ricorso alla brutalit\u00e0 della violenza e della guerra non pu\u00f2 e non deve lacerare quei legami preziosi tra i [&hellip;]<\/p>\n","protected":false},"author":18,"featured_media":106387,"comment_status":"closed","ping_status":"closed","sticky":false,"template":"","format":"standard","meta":{"ub_ctt_via":"","_mi_skip_tracking":false},"categories":[446],"tags":[783],"featured_image_src":"https:\/\/www.messinaoggi.it\/website\/wp-content\/uploads\/2022\/05\/20220502_0717.jpg","author_info":{"display_name":"Admin","author_link":"https:\/\/www.messinaoggi.it\/website\/author\/admin\/"},"digistream_id":0,"digistream":false,"_links":{"self":[{"href":"https:\/\/www.messinaoggi.it\/website\/wp-json\/wp\/v2\/posts\/106386"}],"collection":[{"href":"https:\/\/www.messinaoggi.it\/website\/wp-json\/wp\/v2\/posts"}],"about":[{"href":"https:\/\/www.messinaoggi.it\/website\/wp-json\/wp\/v2\/types\/post"}],"author":[{"embeddable":true,"href":"https:\/\/www.messinaoggi.it\/website\/wp-json\/wp\/v2\/users\/18"}],"replies":[{"embeddable":true,"href":"https:\/\/www.messinaoggi.it\/website\/wp-json\/wp\/v2\/comments?post=106386"}],"version-history":[{"count":0,"href":"https:\/\/www.messinaoggi.it\/website\/wp-json\/wp\/v2\/posts\/106386\/revisions"}],"wp:featuredmedia":[{"embeddable":true,"href":"https:\/\/www.messinaoggi.it\/website\/wp-json\/wp\/v2\/media\/106387"}],"wp:attachment":[{"href":"https:\/\/www.messinaoggi.it\/website\/wp-json\/wp\/v2\/media?parent=106386"}],"wp:term":[{"taxonomy":"category","embeddable":true,"href":"https:\/\/www.messinaoggi.it\/website\/wp-json\/wp\/v2\/categories?post=106386"},{"taxonomy":"post_tag","embeddable":true,"href":"https:\/\/www.messinaoggi.it\/website\/wp-json\/wp\/v2\/tags?post=106386"}],"curies":[{"name":"wp","href":"https:\/\/api.w.org\/{rel}","templated":true}]}}