{"id":106336,"date":"2022-05-01T19:34:59","date_gmt":"2022-05-01T17:34:59","guid":{"rendered":"http:\/\/www.messinaoggi.it\/website\/?p=106336"},"modified":"2022-05-01T19:35:03","modified_gmt":"2022-05-01T17:35:03","slug":"alibrandi-cisl-ridare-valore-alla-parola-lavoro","status":"publish","type":"post","link":"https:\/\/www.messinaoggi.it\/website\/2022\/05\/01\/alibrandi-cisl-ridare-valore-alla-parola-lavoro\/","title":{"rendered":"Alibrandi (Cisl): &#8220;Ridare valore alla parola lavoro&#8221;"},"content":{"rendered":"\n<p>\u201cBisogna tornare a dare valore alla parola lavoro\u201d. A dirlo, in occasione della Festa dei Lavoratori, \u00e8 stato il segretario generale della Cisl Messina, Antonino Alibrandi che ha richiamato i valori espressi in piazza ad Assisi in occasione della manifestazione nazionale ma anche evidenziato la condizione territoriale di una citt\u00e0 che deve \u201cavere la capacit\u00e0 di stare insieme per una visione futura di sviluppo. Chiunque sar\u00e0 il sindaco \u2013 ha detto Alibrandi \u2013 dovr\u00e0 dimostrare la capacit\u00e0 di tenere compatto il sistema-Messina per affrontare le nuove sfide che derivano dalle grandi risorse del Pnrr. Per questo, il mio augurio \u00e8 che il prossimo anno in questa giornata si possa festeggiare il lavoro ritrovato, le nuove opportunit\u00e0, con i numeri statistici di chi torna e non di chi \u00e8 costretto ad andare via\u00bb.<div id=\"div-gpt-ad-Messinaoggi.it-DSK-300x250-corpoart\" style=\"text-align:center;margin:0 auto;\"><\/div><\/p>\n\n\n\n<p>Un richiamo forte, Alibrandi, lo ha fatto sulla sicurezza. Un messaggio che rafforza quello lanciato ad Assisi dal segretario generale Luigi Sbarra che ha evidenziato la necessit\u00e0 come \u00abil lavoro non sia pi\u00f9 precariet\u00e0, caporalato, sfruttamento dei pi\u00f9 deboli, delle donne, dei migranti; che torni ad essere sempre e ovunque dignit\u00e0\u00bb.<div id=\"videoincontent\" style=\"clear:both\";><\/div><\/p>\n\n\n\n<p>Per la Cisl, infatti, servono politiche che fronteggino le conseguenze economiche e sociali della crisi energetica e dell\u2019inflazione, affermando che la sicurezza non pu\u00f2 essere un costo ma un investimento. \u00ab\u00c8 una questione di cultura \u2013 ha detto Alibrandi \u2013 serve protezione per i lavoratori, evitando le frammentazioni con strane tipologie di contratto. Non \u00e8 immaginabile che una persona vada a lavorare e non torni a casa. Quello della sicurezza \u00e8 un tema sul quale tutto il Paese deve interrogarsi e non servono altre leggi, basta fare rispettare quelle che ci sono. Perch\u00e9 anche la formazione sulla sicurezza sul lavoro, spesso, \u00e8 vista come un obbligo burocratico non come accompagnamento alla prevenzione. La qualit\u00e0 del lavoro \u00e8 un segno di civilt\u00e0\u00bb.<\/p>\n","protected":false},"excerpt":{"rendered":"<p>\u201cBisogna tornare a dare valore alla parola lavoro\u201d. A dirlo, in occasione della Festa dei Lavoratori, \u00e8 stato il segretario generale della Cisl Messina, Antonino Alibrandi che ha richiamato i valori espressi in piazza ad Assisi in occasione della manifestazione nazionale ma anche evidenziato la condizione territoriale di una citt\u00e0 che deve \u201cavere la capacit\u00e0 [&hellip;]<\/p>\n","protected":false},"author":2,"featured_media":106337,"comment_status":"open","ping_status":"open","sticky":false,"template":"","format":"standard","meta":{"ub_ctt_via":"","_mi_skip_tracking":false},"categories":[6],"tags":[1758,1573,1529],"featured_image_src":"https:\/\/www.messinaoggi.it\/website\/wp-content\/uploads\/2022\/05\/Alibrandi-1-maggio.jpg","author_info":{"display_name":"Redazione","author_link":"https:\/\/www.messinaoggi.it\/website\/author\/redazione\/"},"digistream_id":0,"digistream":false,"_links":{"self":[{"href":"https:\/\/www.messinaoggi.it\/website\/wp-json\/wp\/v2\/posts\/106336"}],"collection":[{"href":"https:\/\/www.messinaoggi.it\/website\/wp-json\/wp\/v2\/posts"}],"about":[{"href":"https:\/\/www.messinaoggi.it\/website\/wp-json\/wp\/v2\/types\/post"}],"author":[{"embeddable":true,"href":"https:\/\/www.messinaoggi.it\/website\/wp-json\/wp\/v2\/users\/2"}],"replies":[{"embeddable":true,"href":"https:\/\/www.messinaoggi.it\/website\/wp-json\/wp\/v2\/comments?post=106336"}],"version-history":[{"count":1,"href":"https:\/\/www.messinaoggi.it\/website\/wp-json\/wp\/v2\/posts\/106336\/revisions"}],"predecessor-version":[{"id":106338,"href":"https:\/\/www.messinaoggi.it\/website\/wp-json\/wp\/v2\/posts\/106336\/revisions\/106338"}],"wp:featuredmedia":[{"embeddable":true,"href":"https:\/\/www.messinaoggi.it\/website\/wp-json\/wp\/v2\/media\/106337"}],"wp:attachment":[{"href":"https:\/\/www.messinaoggi.it\/website\/wp-json\/wp\/v2\/media?parent=106336"}],"wp:term":[{"taxonomy":"category","embeddable":true,"href":"https:\/\/www.messinaoggi.it\/website\/wp-json\/wp\/v2\/categories?post=106336"},{"taxonomy":"post_tag","embeddable":true,"href":"https:\/\/www.messinaoggi.it\/website\/wp-json\/wp\/v2\/tags?post=106336"}],"curies":[{"name":"wp","href":"https:\/\/api.w.org\/{rel}","templated":true}]}}