{"id":10626,"date":"2017-10-30T08:59:51","date_gmt":"2017-10-30T07:59:51","guid":{"rendered":"http:\/\/www.messinaoggi.it\/website\/?p=10626"},"modified":"2017-10-30T08:59:51","modified_gmt":"2017-10-30T07:59:51","slug":"regionali-paratore-sono-un-umile-servitore-dello-stato","status":"publish","type":"post","link":"https:\/\/www.messinaoggi.it\/website\/2017\/10\/30\/regionali-paratore-sono-un-umile-servitore-dello-stato\/","title":{"rendered":"Regionali, Paratore: &quot;Sono un umile servitore dello Stato&quot;"},"content":{"rendered":"<p>Una precedente esperienza alla regionali con una buona performance, sena apparati di partito. <strong>Davide Paratore<\/strong>, 46 anni, ci ritenta alle elezioni del 5 novembre nella lista Diventer\u00e0 Bellissima. Questa volta \u00e8 appoggiato dalla Destra e, in modo particolare dalla componente-Nania. Ieri ad Antillo si \u00e8 \u201cfiondato\u201d <strong>Francesco Storace<\/strong> che sta facendo campagna elettorale per il sindaco del Comune dello Jonio.<br \/>\n<strong>30Come nasce la sua candidatura?<\/strong><br \/>\n<em>\u201cDa vent&#8217;anni contribuisco a servire lo Stato con la divisa (\u00e8 maresciallo dei carabinieri, ndr), da altrettanti lo faccio come amministratore. Negli ultimi sette come sindaco della mia comunit\u00e0 di Antillo. Cinque anni fa ero al fianco di Nello Musumeci e gli sono rimasto accanto in questi anni. Quando mi ha chiesto di far parte della sua lista Diventer\u00e0 Bellissima, ho subito accettato\u201d.<\/em><br \/>\n<strong>Il candidato alla presidenza Nello Musumeci \u00e8 stato accattato per i cosiddetti impresentabili, cosa ne pensa?<\/strong><br \/>\n<em>\u201cHa detto bene. Musumeci \u00e8 stato attaccato, ma per difetti altrui. Non si possono muovere accuse su di lui. E cos\u00ec invece di discutere di temi e programmi, chi non ne ha preferisce spostare l&#8217;attenzione su argomenti che riguardano terze persone\u201d.<\/em><br \/>\n<strong>Campagna elettorale soft, niente manifesti come altri. Perch\u00e9?<\/strong><br \/>\n<em>\u201cLa mia \u00e8 una campagna elettorale che rispetta chi non arriva a fine mese. Per prendere voti occorre stare in mezzo alla gente. Fino a ieri ero in un bar a spiegare a una signora che non voleva votare, perch\u00e9 invece \u00e8 giusto recarsi alle urne.\u00a0 Musumeci ha bisogno di essere sostenuto per guidare la Sicilia e riportarla ai suoi splendori. Per farlo ha bisogno di essere affiancato da candidati che lui ha scelto\u201d.<\/em><br \/>\n<strong>Cinque anni fa il centro-destra si \u00e8 spaccato presentando il successo al centro-sinistra sul piatto d\u2019argento. Cos\u2019\u00e8 cambiato?<\/strong><br \/>\n<em>\u201cIl ritorno del centrodestra unito \u00e8 un segnale forte ed \u00e8 l&#8217;unica soluzione per dare alla Sicilia il ruolo che merita dopo cinque anni di distruzione\u201d.<\/em><br \/>\n<strong>Al di l\u00e0 dei confini siciliani, come si contestualizza la candidatura di Musumeci?<\/strong><br \/>\n<em>\u201cIo sono sicilianista. I temi dell&#8217;autonomia mi invitano a nozze, ma mi rendo conto che al di l\u00e0 dei confini siciliani, l&#8217;Italia deve tornare ad avere il suo peso nello scacchiere internazionale e soprattutto in quello europeo. Occorre saper dire di no all&#8217;Europa. Non esiste una politica europea sulla migrazione ad esempio. \u00c8 solo un business che non aiuta chi arriva in Italia e che crea problemi agli italiani\u201d.<\/em><div id=\"div-gpt-ad-Messinaoggi.it-DSK-300x250-corpoart\" style=\"text-align:center;margin:0 auto;\"><\/div><\/p>\n<div id=\"videoincontent\" style=\"clear:both\";><\/div>","protected":false},"excerpt":{"rendered":"<p>Una precedente esperienza alla regionali con una buona performance, sena apparati di partito. Davide Paratore, 46 anni, ci ritenta alle elezioni del 5 novembre nella lista Diventer\u00e0 Bellissima. Questa volta \u00e8 appoggiato dalla Destra e, in modo particolare dalla componente-Nania. Ieri ad Antillo si \u00e8 \u201cfiondato\u201d Francesco Storace che sta facendo campagna elettorale per il [&hellip;]<\/p>\n","protected":false},"author":2,"featured_media":1909,"comment_status":"closed","ping_status":"open","sticky":false,"template":"","format":"standard","meta":{"ub_ctt_via":"","_mi_skip_tracking":false},"categories":[4],"tags":[],"featured_image_src":"https:\/\/www.messinaoggi.it\/website\/wp-content\/uploads\/2017\/06\/Paratore-Davide-1-2.jpg","author_info":{"display_name":"Redazione","author_link":"https:\/\/www.messinaoggi.it\/website\/author\/redazione\/"},"digistream_id":0,"digistream":false,"_links":{"self":[{"href":"https:\/\/www.messinaoggi.it\/website\/wp-json\/wp\/v2\/posts\/10626"}],"collection":[{"href":"https:\/\/www.messinaoggi.it\/website\/wp-json\/wp\/v2\/posts"}],"about":[{"href":"https:\/\/www.messinaoggi.it\/website\/wp-json\/wp\/v2\/types\/post"}],"author":[{"embeddable":true,"href":"https:\/\/www.messinaoggi.it\/website\/wp-json\/wp\/v2\/users\/2"}],"replies":[{"embeddable":true,"href":"https:\/\/www.messinaoggi.it\/website\/wp-json\/wp\/v2\/comments?post=10626"}],"version-history":[{"count":0,"href":"https:\/\/www.messinaoggi.it\/website\/wp-json\/wp\/v2\/posts\/10626\/revisions"}],"wp:featuredmedia":[{"embeddable":true,"href":"https:\/\/www.messinaoggi.it\/website\/wp-json\/wp\/v2\/media\/1909"}],"wp:attachment":[{"href":"https:\/\/www.messinaoggi.it\/website\/wp-json\/wp\/v2\/media?parent=10626"}],"wp:term":[{"taxonomy":"category","embeddable":true,"href":"https:\/\/www.messinaoggi.it\/website\/wp-json\/wp\/v2\/categories?post=10626"},{"taxonomy":"post_tag","embeddable":true,"href":"https:\/\/www.messinaoggi.it\/website\/wp-json\/wp\/v2\/tags?post=10626"}],"curies":[{"name":"wp","href":"https:\/\/api.w.org\/{rel}","templated":true}]}}