{"id":10597,"date":"2017-10-30T06:40:28","date_gmt":"2017-10-30T05:40:28","guid":{"rendered":"http:\/\/www.messinaoggi.it\/website\/?p=10597"},"modified":"2017-10-30T06:40:28","modified_gmt":"2017-10-30T05:40:28","slug":"regionali-il-voto-del-5-novembre-sara-un-referendum","status":"publish","type":"post","link":"https:\/\/www.messinaoggi.it\/website\/2017\/10\/30\/regionali-il-voto-del-5-novembre-sara-un-referendum\/","title":{"rendered":"Regionali, il voto del 5 novembre sar\u00e0 un referendum"},"content":{"rendered":"<p>Il voto del 5 novembre &#8220;\u00e8 un referendum, non \u00e8 una votazione politica, \u00e8 una linea di separazione. Comunque vada accetteremo il verdetto dei siciliani&#8221;. Cos\u00ec Beppe Grillo, parlando con i giornalisti durante la marcia per il &#8216;Palermo Day&#8217; a sostegno del candidato Giancarlo Cancelleri alla presidenza della Regione Sicilia.<div id=\"div-gpt-ad-Messinaoggi.it-DSK-300x250-corpoart\" style=\"text-align:center;margin:0 auto;\"><\/div><\/p>\n<div id=\"videoincontent\" style=\"clear:both\";><\/div>","protected":false},"excerpt":{"rendered":"<p>Il voto del 5 novembre &#8220;\u00e8 un referendum, non \u00e8 una votazione politica, \u00e8 una linea di separazione. Comunque vada accetteremo il verdetto dei siciliani&#8221;. Cos\u00ec Beppe Grillo, parlando con i giornalisti durante la marcia per il &#8216;Palermo Day&#8217; a sostegno del candidato Giancarlo Cancelleri alla presidenza della Regione Sicilia.<\/p>\n","protected":false},"author":2,"featured_media":10523,"comment_status":"closed","ping_status":"open","sticky":false,"template":"","format":"standard","meta":{"ub_ctt_via":"","_mi_skip_tracking":false},"categories":[11],"tags":[],"featured_image_src":"https:\/\/www.messinaoggi.it\/website\/wp-content\/uploads\/2017\/10\/5051di-maio-e-cancelleri-a-messina.jpg","author_info":{"display_name":"Redazione","author_link":"https:\/\/www.messinaoggi.it\/website\/author\/redazione\/"},"digistream_id":0,"digistream":false,"_links":{"self":[{"href":"https:\/\/www.messinaoggi.it\/website\/wp-json\/wp\/v2\/posts\/10597"}],"collection":[{"href":"https:\/\/www.messinaoggi.it\/website\/wp-json\/wp\/v2\/posts"}],"about":[{"href":"https:\/\/www.messinaoggi.it\/website\/wp-json\/wp\/v2\/types\/post"}],"author":[{"embeddable":true,"href":"https:\/\/www.messinaoggi.it\/website\/wp-json\/wp\/v2\/users\/2"}],"replies":[{"embeddable":true,"href":"https:\/\/www.messinaoggi.it\/website\/wp-json\/wp\/v2\/comments?post=10597"}],"version-history":[{"count":0,"href":"https:\/\/www.messinaoggi.it\/website\/wp-json\/wp\/v2\/posts\/10597\/revisions"}],"wp:featuredmedia":[{"embeddable":true,"href":"https:\/\/www.messinaoggi.it\/website\/wp-json\/wp\/v2\/media\/10523"}],"wp:attachment":[{"href":"https:\/\/www.messinaoggi.it\/website\/wp-json\/wp\/v2\/media?parent=10597"}],"wp:term":[{"taxonomy":"category","embeddable":true,"href":"https:\/\/www.messinaoggi.it\/website\/wp-json\/wp\/v2\/categories?post=10597"},{"taxonomy":"post_tag","embeddable":true,"href":"https:\/\/www.messinaoggi.it\/website\/wp-json\/wp\/v2\/tags?post=10597"}],"curies":[{"name":"wp","href":"https:\/\/api.w.org\/{rel}","templated":true}]}}