{"id":105963,"date":"2022-04-28T16:47:33","date_gmt":"2022-04-28T14:47:33","guid":{"rendered":"https:\/\/www.messinaoggi.it\/website\/2022\/04\/28\/elezioni-comunali-a-palermo-carolina-varchi-ritira-la-candidatura\/"},"modified":"2022-04-28T18:02:26","modified_gmt":"2022-04-28T16:02:26","slug":"elezioni-comunali-a-palermo-carolina-varchi-ritira-la-candidatura","status":"publish","type":"post","link":"https:\/\/www.messinaoggi.it\/website\/2022\/04\/28\/elezioni-comunali-a-palermo-carolina-varchi-ritira-la-candidatura\/","title":{"rendered":"Elezioni comunali a Palermo, Carolina Varchi ritira la candidatura"},"content":{"rendered":"<div>\n<p>PALERMO (ITALPRESS) \u2013 Carolina Varchi ritira la propria candidatura da sindaco di Palermo, ringrazia Giorgia Meloni per la fiducia e invita all\u2019unit\u00e0 del centrodestra.<br \/>\n\u201cRingrazio Giorgia Meloni, tutti i dirigenti e i militanti del mio partito che in questi sei mesi mi hanno concesso l\u2019onore e l\u2019orgoglio di poter rappresentare una candidatura identitaria \u2013 dichiara l\u2019esponente di Fratelli d\u2019Italia -. Ringrazio i tantissimi cittadini che si sono fatti avanti manifestando la loro fiducia e la speranza che Palermo possa ancora cambiare. Adesso per\u00f2 serve superare le divisioni del centrodestra con un gesto di responsabilit\u00e0 da parte di ciascuno per trovare soluzioni condivise utili a scongiurare il rischio che la sinistra palermitana resti al governo della citt\u00e0 e, pertanto, ho rimesso al partito la mia disponibilit\u00e0 alla candidatura per favorire la costituzione di una coalizione ampia che sia garanzia di governabilit\u00e0\u201d.<div id=\"div-gpt-ad-Messinaoggi.it-DSK-300x250-corpoart\" style=\"text-align:center;margin:0 auto;\"><\/div><\/p>\n<p>\u2013 Photo credit: agenziafotogramma.it<div id=\"videoincontent\" style=\"clear:both\";><\/div><\/p>\n<p>(ITALPRESS).<\/p>\n<\/div>\n","protected":false},"excerpt":{"rendered":"<p>PALERMO (ITALPRESS) \u2013 Carolina Varchi ritira la propria candidatura da sindaco di Palermo, ringrazia Giorgia Meloni per la fiducia e invita all\u2019unit\u00e0 del centrodestra. \u201cRingrazio Giorgia Meloni, tutti i dirigenti e i militanti del mio partito che in questi sei mesi mi hanno concesso l\u2019onore e l\u2019orgoglio di poter rappresentare una candidatura identitaria \u2013 dichiara [&hellip;]<\/p>\n","protected":false},"author":18,"featured_media":105964,"comment_status":"closed","ping_status":"closed","sticky":false,"template":"","format":"standard","meta":{"ub_ctt_via":"","_mi_skip_tracking":false},"categories":[11,2449],"tags":[783],"featured_image_src":"https:\/\/www.messinaoggi.it\/website\/wp-content\/uploads\/2022\/04\/20220428_0875-1.jpg","author_info":{"display_name":"Admin","author_link":"https:\/\/www.messinaoggi.it\/website\/author\/admin\/"},"digistream_id":0,"digistream":false,"_links":{"self":[{"href":"https:\/\/www.messinaoggi.it\/website\/wp-json\/wp\/v2\/posts\/105963"}],"collection":[{"href":"https:\/\/www.messinaoggi.it\/website\/wp-json\/wp\/v2\/posts"}],"about":[{"href":"https:\/\/www.messinaoggi.it\/website\/wp-json\/wp\/v2\/types\/post"}],"author":[{"embeddable":true,"href":"https:\/\/www.messinaoggi.it\/website\/wp-json\/wp\/v2\/users\/18"}],"replies":[{"embeddable":true,"href":"https:\/\/www.messinaoggi.it\/website\/wp-json\/wp\/v2\/comments?post=105963"}],"version-history":[{"count":1,"href":"https:\/\/www.messinaoggi.it\/website\/wp-json\/wp\/v2\/posts\/105963\/revisions"}],"predecessor-version":[{"id":105981,"href":"https:\/\/www.messinaoggi.it\/website\/wp-json\/wp\/v2\/posts\/105963\/revisions\/105981"}],"wp:featuredmedia":[{"embeddable":true,"href":"https:\/\/www.messinaoggi.it\/website\/wp-json\/wp\/v2\/media\/105964"}],"wp:attachment":[{"href":"https:\/\/www.messinaoggi.it\/website\/wp-json\/wp\/v2\/media?parent=105963"}],"wp:term":[{"taxonomy":"category","embeddable":true,"href":"https:\/\/www.messinaoggi.it\/website\/wp-json\/wp\/v2\/categories?post=105963"},{"taxonomy":"post_tag","embeddable":true,"href":"https:\/\/www.messinaoggi.it\/website\/wp-json\/wp\/v2\/tags?post=105963"}],"curies":[{"name":"wp","href":"https:\/\/api.w.org\/{rel}","templated":true}]}}