{"id":105902,"date":"2022-04-28T09:32:38","date_gmt":"2022-04-28T07:32:38","guid":{"rendered":"http:\/\/www.messinaoggi.it\/website\/?p=105902"},"modified":"2022-04-28T09:32:38","modified_gmt":"2022-04-28T07:32:38","slug":"de-domenico-incontra-i-compagni-della-cgil","status":"publish","type":"post","link":"https:\/\/www.messinaoggi.it\/website\/2022\/04\/28\/de-domenico-incontra-i-compagni-della-cgil\/","title":{"rendered":"De Domenico incontra i &#8220;compagni&#8221; della Cgil"},"content":{"rendered":"\n<p>Il candidato sindaco della coalizione di centrosinistra Franco De Domenico ha incontrato questo pomeriggio la Cgil di Messina. Un incontro confronto sulle grandi opportunit\u00e0 rappresentate dal Pnrr e sulle politiche di intervento per il Sud. \u201cServono, inoltre, azioni di inclusione \u2013 spiega il segretario generale della Cgil di Messina Giovanni Mastroeni \u2013 dopo la grave pandemia che ha ulteriormente impoverito il tessuto sociale ed economico della citt\u00e0. Il prossimo sindaco \u2013 ha aggiunto il sindacalista \u2013 dovr\u00e0 mettere mano a una seria riorganizzazione della macchina amministrativa del Comune di Messina, ulteriormente sottodimensionata dai pensionamenti scaturiti da \u2018Quota 100\u2019\u201d.<br>Sul fronte sociale il sindacato evidenzia \u201cil peggioramento delle condizioni delle scuole cittadine: a Messina il 70 per cento delle scuole non hanno palestre e locali mense. Ci sono soltanto tre asili nido comunali, ci\u00f2 causa notevoli disagi alle famiglie e a molte donne lavoratrici\u201d.<br>Franco De Domenico ha ribadito l\u2019importanza di \u201cricostruire un dialogo coeso con tutte le parti sociali nell\u2019interesse esclusivo della citt\u00e0 e non per interessi personali. La nostra coalizione \u00e8 pronta a prendersi la responsabilit\u00e0 di governare questa citt\u00e0, che non \u00e8 solo un impegno amministrativo, ma \u00e8 anche lottare per ridare un futuro democratico, cancellando il clima pesante che si respira da troppo tempo. E\u2019 una sfida impegnativa ma lo dobbiamo ai nostri figli e alle future generazioni\u201d.\u00a0<br>GLI AGENTI DI POLIZIA MUNICIPALE \u2013 De Domenico ha ricevuto nel comitato elettorale una numerosa delegazione della Polizia municipale. Gli agenti chiedono maggiori attenzioni alla prossima amministrazione, ribadendo il massimo impegno a servizio della citt\u00e0.<br>Il candidato sindaco ha ricordato la sua famiglia: \u201cMio zio apparteneva al Corpo \u2013 racconta\u00a0 &#8211; lui mi ha insegnato la sacralit\u00e0 di quel ruolo e il massimo rispetto per la divisa. Far\u00f2 mie le vostre istanze, in particolare le recriminazioni sull\u2019uso improprio fatto dell\u2019organico dalla precedente amministrazione: il ruolo della Polizia Municipale va ricondotto nella logica delle regole e dell\u2019indipendenza, riconoscendo la professionalit\u00e0 degli operatori del Corpo e il loro valore\u201d.\u00a0<div id=\"div-gpt-ad-Messinaoggi.it-DSK-300x250-corpoart\" style=\"text-align:center;margin:0 auto;\"><\/div><\/p>\n<div id=\"videoincontent\" style=\"clear:both\";><\/div>","protected":false},"excerpt":{"rendered":"<p>Il candidato sindaco della coalizione di centrosinistra Franco De Domenico ha incontrato questo pomeriggio la Cgil di Messina. Un incontro confronto sulle grandi opportunit\u00e0 rappresentate dal Pnrr e sulle politiche di intervento per il Sud. \u201cServono, inoltre, azioni di inclusione \u2013 spiega il segretario generale della Cgil di Messina Giovanni Mastroeni \u2013 dopo la grave [&hellip;]<\/p>\n","protected":false},"author":2,"featured_media":105903,"comment_status":"open","ping_status":"open","sticky":false,"template":"","format":"standard","meta":{"ub_ctt_via":"","_mi_skip_tracking":false},"categories":[6],"tags":[4012,967,2059,1471],"featured_image_src":"https:\/\/www.messinaoggi.it\/website\/wp-content\/uploads\/2022\/04\/1651088018033.jpg","author_info":{"display_name":"Redazione","author_link":"https:\/\/www.messinaoggi.it\/website\/author\/redazione\/"},"digistream_id":0,"digistream":false,"_links":{"self":[{"href":"https:\/\/www.messinaoggi.it\/website\/wp-json\/wp\/v2\/posts\/105902"}],"collection":[{"href":"https:\/\/www.messinaoggi.it\/website\/wp-json\/wp\/v2\/posts"}],"about":[{"href":"https:\/\/www.messinaoggi.it\/website\/wp-json\/wp\/v2\/types\/post"}],"author":[{"embeddable":true,"href":"https:\/\/www.messinaoggi.it\/website\/wp-json\/wp\/v2\/users\/2"}],"replies":[{"embeddable":true,"href":"https:\/\/www.messinaoggi.it\/website\/wp-json\/wp\/v2\/comments?post=105902"}],"version-history":[{"count":1,"href":"https:\/\/www.messinaoggi.it\/website\/wp-json\/wp\/v2\/posts\/105902\/revisions"}],"predecessor-version":[{"id":105904,"href":"https:\/\/www.messinaoggi.it\/website\/wp-json\/wp\/v2\/posts\/105902\/revisions\/105904"}],"wp:featuredmedia":[{"embeddable":true,"href":"https:\/\/www.messinaoggi.it\/website\/wp-json\/wp\/v2\/media\/105903"}],"wp:attachment":[{"href":"https:\/\/www.messinaoggi.it\/website\/wp-json\/wp\/v2\/media?parent=105902"}],"wp:term":[{"taxonomy":"category","embeddable":true,"href":"https:\/\/www.messinaoggi.it\/website\/wp-json\/wp\/v2\/categories?post=105902"},{"taxonomy":"post_tag","embeddable":true,"href":"https:\/\/www.messinaoggi.it\/website\/wp-json\/wp\/v2\/tags?post=105902"}],"curies":[{"name":"wp","href":"https:\/\/api.w.org\/{rel}","templated":true}]}}