{"id":105834,"date":"2022-04-27T17:07:33","date_gmt":"2022-04-27T15:07:33","guid":{"rendered":"https:\/\/www.messinaoggi.it\/website\/2022\/04\/27\/draghi-il-10-maggio-alla-casa-bianca-per-un-bilaterale-con-biden\/"},"modified":"2022-04-27T17:07:33","modified_gmt":"2022-04-27T15:07:33","slug":"draghi-il-10-maggio-alla-casa-bianca-per-un-bilaterale-con-biden","status":"publish","type":"post","link":"https:\/\/www.messinaoggi.it\/website\/2022\/04\/27\/draghi-il-10-maggio-alla-casa-bianca-per-un-bilaterale-con-biden\/","title":{"rendered":"Draghi il 10 maggio alla Casa Bianca per un bilaterale con Biden"},"content":{"rendered":"<div>ROMA (ITALPRESS) &#8211; Il presidente del Consiglio, Mario Draghi, marted\u00ec 10 maggio incontrer\u00e0 alla Casa Bianca, a Washington, il presidente degli Stati Uniti d&#8217;America, Joe Biden. &#8220;Sar\u00e0 l&#8217;occasione per riaffermare la storica amicizia e il forte partenariato tra i due Paesi. Al centro dell&#8217;incontro il coordinamento con gli Alleati sulle misure a sostegno del popolo ucraino e di contrasto all&#8217;aggressione ingiustificata della Russia&#8221;, si legge in una nota di Palazzo Chigi.<br \/>\n&#8220;Saranno inoltre discusse le eccellenti relazioni bilaterali e riaffermata la solidit\u00e0 del legame transatlantico &#8211; prosegue la nota -. Sar\u00e0 affrontata la cooperazione nella gestione delle sfide globali, dalla sicurezza energetica al contrasto ai cambiamenti climatici, dal rilancio dell&#8217;economia allo sviluppo della sicurezza transatlantica. I due Leader si confronteranno anche su questioni regionali e sui preparativi in vista dei vertici G7 e NATO di giugno&#8221;.<div id=\"div-gpt-ad-Messinaoggi.it-DSK-300x250-corpoart\" style=\"text-align:center;margin:0 auto;\"><\/div><\/p>\n<p>&#8211; foto agenziafotogramma.it &#8211;<div id=\"videoincontent\" style=\"clear:both\";><\/div><\/p>\n<p>(ITALPRESS).<\/p><\/div>\n","protected":false},"excerpt":{"rendered":"<p>ROMA (ITALPRESS) &#8211; Il presidente del Consiglio, Mario Draghi, marted\u00ec 10 maggio incontrer\u00e0 alla Casa Bianca, a Washington, il presidente degli Stati Uniti d&#8217;America, Joe Biden. &#8220;Sar\u00e0 l&#8217;occasione per riaffermare la storica amicizia e il forte partenariato tra i due Paesi. Al centro dell&#8217;incontro il coordinamento con gli Alleati sulle misure a sostegno del popolo [&hellip;]<\/p>\n","protected":false},"author":18,"featured_media":105835,"comment_status":"closed","ping_status":"closed","sticky":false,"template":"","format":"standard","meta":{"ub_ctt_via":"","_mi_skip_tracking":false},"categories":[446],"tags":[783],"featured_image_src":"https:\/\/www.messinaoggi.it\/website\/wp-content\/uploads\/2022\/04\/20220427_1423.jpg","author_info":{"display_name":"Admin","author_link":"https:\/\/www.messinaoggi.it\/website\/author\/admin\/"},"digistream_id":0,"digistream":false,"_links":{"self":[{"href":"https:\/\/www.messinaoggi.it\/website\/wp-json\/wp\/v2\/posts\/105834"}],"collection":[{"href":"https:\/\/www.messinaoggi.it\/website\/wp-json\/wp\/v2\/posts"}],"about":[{"href":"https:\/\/www.messinaoggi.it\/website\/wp-json\/wp\/v2\/types\/post"}],"author":[{"embeddable":true,"href":"https:\/\/www.messinaoggi.it\/website\/wp-json\/wp\/v2\/users\/18"}],"replies":[{"embeddable":true,"href":"https:\/\/www.messinaoggi.it\/website\/wp-json\/wp\/v2\/comments?post=105834"}],"version-history":[{"count":0,"href":"https:\/\/www.messinaoggi.it\/website\/wp-json\/wp\/v2\/posts\/105834\/revisions"}],"wp:featuredmedia":[{"embeddable":true,"href":"https:\/\/www.messinaoggi.it\/website\/wp-json\/wp\/v2\/media\/105835"}],"wp:attachment":[{"href":"https:\/\/www.messinaoggi.it\/website\/wp-json\/wp\/v2\/media?parent=105834"}],"wp:term":[{"taxonomy":"category","embeddable":true,"href":"https:\/\/www.messinaoggi.it\/website\/wp-json\/wp\/v2\/categories?post=105834"},{"taxonomy":"post_tag","embeddable":true,"href":"https:\/\/www.messinaoggi.it\/website\/wp-json\/wp\/v2\/tags?post=105834"}],"curies":[{"name":"wp","href":"https:\/\/api.w.org\/{rel}","templated":true}]}}