{"id":105792,"date":"2022-04-27T13:07:41","date_gmt":"2022-04-27T11:07:41","guid":{"rendered":"https:\/\/www.messinaoggi.it\/website\/2022\/04\/27\/ucraina-mattarella-la-via-duscita-e-il-multilateralismo\/"},"modified":"2022-04-27T13:07:41","modified_gmt":"2022-04-27T11:07:41","slug":"ucraina-mattarella-la-via-duscita-e-il-multilateralismo","status":"publish","type":"post","link":"https:\/\/www.messinaoggi.it\/website\/2022\/04\/27\/ucraina-mattarella-la-via-duscita-e-il-multilateralismo\/","title":{"rendered":"Ucraina, Mattarella \u201cLa via d\u2019uscita \u00e8 il multilateralismo\u201d"},"content":{"rendered":"<div>STRASBURGO (FRANCIA) (ITALPRESS) &#8211; &#8220;Mentre il conflitto ha ulteriormente indebolito il sistema internazionale di regole condivise &#8211; e il mondo, come conseguenza, \u00e8 divenuto assai pi\u00f9 insicuro -, la via di uscita appare, senza tema di smentita, soltanto quella della cooperazione e del ricorso alle istituzioni multilaterali&#8221;. Lo ha detto il presidente della Repubblica, Sergio Mattarella, nel suo intervento a Strasburgo all&#8217;Assemblea parlamentare del Consiglio d&#8217;Europa. &#8220;Sembrano giungere a questa conclusione anche quei Paesi che, pur avendo rifiutato sin qui di riconoscere la giurisdizione della Corte penale internazionale, ne invocano, invece, oggi, l&#8217;intervento, affinch\u00e8 vengano istruiti processi a carico dei responsabili di crimini, innegabili e orribili, contro l&#8217;umanit\u00e0, quali quelli di cui si \u00e8 resa colpevole la Federazione Russa in Ucraina, riconoscendo in tal modo il necessario ruolo di quella Corte&#8221;, ha aggiunto il capo dello Stato.<br \/>&#8220;Di fronte a un&#8217;Europa sconvolta dalla guerra nessun equivoco, nessuna incertezza \u00e8 possibile. La Federazione Russa, con l&#8217;atroce invasione dell&#8217;Ucraina, ha scelto di collocarsi fuori dalle regole a cui aveva liberamente aderito, contribuendo ad applicarle&#8221;, ha spiegato Mattarella.<br \/>&#8220;La deliberazione di questa Assemblea di prendere atto della rottura intervenuta \u00e8 coerente con i valori alla base dello Statuto dell&#8217;organizzazione, che indica la strada di una unione pi\u00f9. La responsabilit\u00e0 della sanzione adottata ricade interamente sul Governo della Federazione Russa. Desidero aggiungere: non sul popolo russo, la cui cultura fa parte del patrimonio europeo e che si cerca colpevolmente di tenere all&#8217;oscuro di quanto realmente avviene in Ucraina&#8221;, ha aggiunto il capo dello Stato.<div id=\"div-gpt-ad-Messinaoggi.it-DSK-300x250-corpoart\" style=\"text-align:center;margin:0 auto;\"><\/div><\/p>\n<p>-foto ufficio stampa Quirinale &#8211;<div id=\"videoincontent\" style=\"clear:both\";><\/div><\/p>\n<p>(ITALPRESS).<\/p><\/div>\n","protected":false},"excerpt":{"rendered":"<p>STRASBURGO (FRANCIA) (ITALPRESS) &#8211; &#8220;Mentre il conflitto ha ulteriormente indebolito il sistema internazionale di regole condivise &#8211; e il mondo, come conseguenza, \u00e8 divenuto assai pi\u00f9 insicuro -, la via di uscita appare, senza tema di smentita, soltanto quella della cooperazione e del ricorso alle istituzioni multilaterali&#8221;. Lo ha detto il presidente della Repubblica, Sergio [&hellip;]<\/p>\n","protected":false},"author":18,"featured_media":105793,"comment_status":"closed","ping_status":"closed","sticky":false,"template":"","format":"standard","meta":{"ub_ctt_via":"","_mi_skip_tracking":false},"categories":[446],"tags":[783],"featured_image_src":"https:\/\/www.messinaoggi.it\/website\/wp-content\/uploads\/2022\/04\/20220427_0456.jpg","author_info":{"display_name":"Admin","author_link":"https:\/\/www.messinaoggi.it\/website\/author\/admin\/"},"digistream_id":0,"digistream":false,"_links":{"self":[{"href":"https:\/\/www.messinaoggi.it\/website\/wp-json\/wp\/v2\/posts\/105792"}],"collection":[{"href":"https:\/\/www.messinaoggi.it\/website\/wp-json\/wp\/v2\/posts"}],"about":[{"href":"https:\/\/www.messinaoggi.it\/website\/wp-json\/wp\/v2\/types\/post"}],"author":[{"embeddable":true,"href":"https:\/\/www.messinaoggi.it\/website\/wp-json\/wp\/v2\/users\/18"}],"replies":[{"embeddable":true,"href":"https:\/\/www.messinaoggi.it\/website\/wp-json\/wp\/v2\/comments?post=105792"}],"version-history":[{"count":0,"href":"https:\/\/www.messinaoggi.it\/website\/wp-json\/wp\/v2\/posts\/105792\/revisions"}],"wp:featuredmedia":[{"embeddable":true,"href":"https:\/\/www.messinaoggi.it\/website\/wp-json\/wp\/v2\/media\/105793"}],"wp:attachment":[{"href":"https:\/\/www.messinaoggi.it\/website\/wp-json\/wp\/v2\/media?parent=105792"}],"wp:term":[{"taxonomy":"category","embeddable":true,"href":"https:\/\/www.messinaoggi.it\/website\/wp-json\/wp\/v2\/categories?post=105792"},{"taxonomy":"post_tag","embeddable":true,"href":"https:\/\/www.messinaoggi.it\/website\/wp-json\/wp\/v2\/tags?post=105792"}],"curies":[{"name":"wp","href":"https:\/\/api.w.org\/{rel}","templated":true}]}}