{"id":105788,"date":"2022-04-27T13:07:38","date_gmt":"2022-04-27T11:07:38","guid":{"rendered":"https:\/\/www.messinaoggi.it\/website\/2022\/04\/27\/energia-6-italiani-su-10-favorevoli-allutilizzo-del-nucleare-pulito\/"},"modified":"2022-04-27T13:07:38","modified_gmt":"2022-04-27T11:07:38","slug":"energia-6-italiani-su-10-favorevoli-allutilizzo-del-nucleare-pulito","status":"publish","type":"post","link":"https:\/\/www.messinaoggi.it\/website\/2022\/04\/27\/energia-6-italiani-su-10-favorevoli-allutilizzo-del-nucleare-pulito\/","title":{"rendered":"Energia, 6 italiani su 10 favorevoli all\u2019utilizzo del \u201cnucleare pulito\u201d"},"content":{"rendered":"<div>ROMA (ITALPRESS) &#8211; Il conflitto tra Russia e Ucraina, che perdura da ormai oltre due mesi, continua ad avere dei risvolti dal punto di vista energetico ed economico sulla vita dei cittadini italiani. In questo contesto, il 60,3% della popolazione, al fine di ridurre la forza della Russia e giungere alla fine della guerra, condivide la scelta di un embargo totale e immediato dell&#8217;Ue sulle importazioni russe di petrolio, carbone, combustibile nucleare e gas. Di conseguenza, la maggioranza degli italiani (il 59,9%) si dichiara favorevole all&#8217;utilizzo del cosiddetto &#8220;nucleare pulito&#8221; e alla progettazione di centrali di nuova generazione per fronteggiare un&#8217;eventuale crisi energetica. Una condivisione ancora pi\u00f9 forte tra la popolazione over 65 anni, mentre risulta leggermente pi\u00f9 debole nella fascia di cittadini pi\u00f9 giovane. Nel complesso, l&#8217;inflazione e l&#8217;aumento generale dei prezzi sta influendo sulle scelte dei consumatori, al punto che oltre un italiano su 2, nelle ultime settimane, si \u00e8 ritrovato a limitare e ridurre le proprie spese e i propri consumi.<div id=\"div-gpt-ad-Messinaoggi.it-DSK-300x250-corpoart\" style=\"text-align:center;margin:0 auto;\"><\/div><\/p>\n<p>Dati Euromedia Research &#8211; Realizzato il 13\/04\/2022 con metodologia mista CATI\/CAWI su un campione di 1.000 casi rappresentativi della popolazione italiana maggiorenne<br \/>(ITALPRESS).<\/div>\n<div id=\"videoincontent\" style=\"clear:both\";><\/div>","protected":false},"excerpt":{"rendered":"<p>ROMA (ITALPRESS) &#8211; Il conflitto tra Russia e Ucraina, che perdura da ormai oltre due mesi, continua ad avere dei risvolti dal punto di vista energetico ed economico sulla vita dei cittadini italiani. In questo contesto, il 60,3% della popolazione, al fine di ridurre la forza della Russia e giungere alla fine della guerra, condivide [&hellip;]<\/p>\n","protected":false},"author":18,"featured_media":105789,"comment_status":"closed","ping_status":"closed","sticky":false,"template":"","format":"standard","meta":{"ub_ctt_via":"","_mi_skip_tracking":false},"categories":[446],"tags":[783],"featured_image_src":"https:\/\/www.messinaoggi.it\/website\/wp-content\/uploads\/2022\/04\/20220427_0360.jpg","author_info":{"display_name":"Admin","author_link":"https:\/\/www.messinaoggi.it\/website\/author\/admin\/"},"digistream_id":0,"digistream":false,"_links":{"self":[{"href":"https:\/\/www.messinaoggi.it\/website\/wp-json\/wp\/v2\/posts\/105788"}],"collection":[{"href":"https:\/\/www.messinaoggi.it\/website\/wp-json\/wp\/v2\/posts"}],"about":[{"href":"https:\/\/www.messinaoggi.it\/website\/wp-json\/wp\/v2\/types\/post"}],"author":[{"embeddable":true,"href":"https:\/\/www.messinaoggi.it\/website\/wp-json\/wp\/v2\/users\/18"}],"replies":[{"embeddable":true,"href":"https:\/\/www.messinaoggi.it\/website\/wp-json\/wp\/v2\/comments?post=105788"}],"version-history":[{"count":0,"href":"https:\/\/www.messinaoggi.it\/website\/wp-json\/wp\/v2\/posts\/105788\/revisions"}],"wp:featuredmedia":[{"embeddable":true,"href":"https:\/\/www.messinaoggi.it\/website\/wp-json\/wp\/v2\/media\/105789"}],"wp:attachment":[{"href":"https:\/\/www.messinaoggi.it\/website\/wp-json\/wp\/v2\/media?parent=105788"}],"wp:term":[{"taxonomy":"category","embeddable":true,"href":"https:\/\/www.messinaoggi.it\/website\/wp-json\/wp\/v2\/categories?post=105788"},{"taxonomy":"post_tag","embeddable":true,"href":"https:\/\/www.messinaoggi.it\/website\/wp-json\/wp\/v2\/tags?post=105788"}],"curies":[{"name":"wp","href":"https:\/\/api.w.org\/{rel}","templated":true}]}}