{"id":105774,"date":"2022-04-27T12:07:35","date_gmt":"2022-04-27T10:07:35","guid":{"rendered":"https:\/\/www.messinaoggi.it\/website\/2022\/04\/27\/transizione-digitale-e-sostenibile-si-amplia-il-finanziamento-simest\/"},"modified":"2022-04-27T12:07:35","modified_gmt":"2022-04-27T10:07:35","slug":"transizione-digitale-e-sostenibile-si-amplia-il-finanziamento-simest","status":"publish","type":"post","link":"https:\/\/www.messinaoggi.it\/website\/2022\/04\/27\/transizione-digitale-e-sostenibile-si-amplia-il-finanziamento-simest\/","title":{"rendered":"Transizione digitale e sostenibile, si amplia il finanziamento Simest"},"content":{"rendered":"<div>ROMA (ITALPRESS) &#8211; A partire dal 27 aprile sar\u00e0 ancora pi\u00f9 facile per le imprese italiane rafforzare la propria competitivit\u00e0 internazionale attraverso la digitalizzazione e la sostenibilit\u00e0 dei processi produttivi. Si allarga infatti la platea dei beneficiari e aumenta il tetto massimo richiedibile del finanziamento agevolato Simest &#8220;Transizione Digitale e Transizione Ecologica&#8221;, che la societ\u00e0 del Gruppo CDP eroga attraverso il Fondo 394\/PNRR gestito in convenzione con il Ministero per gli Affari Esteri e la Cooperazione Internazionale (MAECI) a valere su risorse europee.<br \/>Da questa data lo strumento, inizialmente destinato alle sole PMI, sar\u00e0 esteso anche alle imprese a media capitalizzazione (ossia quelle non qualificabili come PMI e con un numero di dipendenti fino a 1.500 unit\u00e0). Parallelamente l&#8217;ammontare complessivo massimo richiedibile aumenter\u00e0 da 300 mila a 1 milione di euro: ovviamente, le imprese che abbiano gi\u00e0 fatto domanda per importi inferiori potranno integrarla fino alla nuova soglia.<br \/>Con le novit\u00e0 SIMEST risponde alle istanze provenienti dalle stesse imprese che &#8211; attraverso le associazioni di categorie &#8211; avevano auspicato pubblicamente questo tipo di evoluzione dello strumento. In tal modo si incentiveranno, infatti, i processi di innovazione anche delle aziende mediamente strutturate, che potranno fungere da traino alle filiere costituite da piccole e micro imprese.<br \/>Le novit\u00e0 comporteranno modifiche all&#8217;operativit\u00e0 del Portale Operativo attraverso il quale le imprese attingono ai fondi PNRR attraverso i diversi finanziamenti disponibili: per agevolare la richiesta dei fondi a partire dal 27 aprile e fino al 2 maggio sar\u00e0 possibile pre-caricare le domande di finanziamento sul Portale Operativo messo a disposizione da SIMEST (accessibile dal sito simest.it). L&#8217;invio delle domande potr\u00e0 avvenire dal 3 maggio e terminer\u00e0 il 10 maggio, data che diventa l&#8217;ultimo giorno di operativit\u00e0 della Piattaforma, che chiude quindi in anticipo rispetto al 31 maggio precedentemente previsto.<br \/>Lo scorso anno il PNRR ha assegnato al Fondo 394 di SIMEST 1,2 miliardi di euro da distribuire attraverso finanziamenti che vengono concessi a condizioni estremamente vantaggiose: tasso agevolato (attualmente lo 0,051%), nessuna garanzia richiesta e quota a fondo perduto fino al 25%. Particolare attenzione \u00e8 stata dedicata al Mezzogiorno (Abruzzo, Basilicata, Calabria, Campania, Molise, Puglia, Sardegna e Sicilia), alle cui PMI \u00e8 riservato il 40% delle risorse del fondo &#8211; 480 milioni di euro &#8211; con una quota di cofinanziamento a fondo perduto fino al 40%.<br \/>Tre sono le linee di finanziamento che, dal 28 ottobre 2021, sono a disposizione di tutte le PMI italiane che non vogliono perdere questa opportunit\u00e0: &#8220;Transizione digitale ed ecologica&#8221;, &#8220;E-commerce&#8221; e  &#8220;Fiere e Mostre&#8221;.<br \/>Un&#8217;opportunit\u00e0 da cogliere al volo per investire in un&#8217;innovazione non pi\u00f9 procrastinabile: SIMEST \u00e8 al fianco delle imprese italiane per supportarle in questo cambio di rotta, tecnologico e sostenibile.<div id=\"div-gpt-ad-Messinaoggi.it-DSK-300x250-corpoart\" style=\"text-align:center;margin:0 auto;\"><\/div><\/p>\n<p>&#8211; foto ufficio stampa Simest &#8211;<div id=\"videoincontent\" style=\"clear:both\";><\/div><\/p>\n<p>(ITALPRESS).<\/p><\/div>\n","protected":false},"excerpt":{"rendered":"<p>ROMA (ITALPRESS) &#8211; A partire dal 27 aprile sar\u00e0 ancora pi\u00f9 facile per le imprese italiane rafforzare la propria competitivit\u00e0 internazionale attraverso la digitalizzazione e la sostenibilit\u00e0 dei processi produttivi. Si allarga infatti la platea dei beneficiari e aumenta il tetto massimo richiedibile del finanziamento agevolato Simest &#8220;Transizione Digitale e Transizione Ecologica&#8221;, che la societ\u00e0 [&hellip;]<\/p>\n","protected":false},"author":18,"featured_media":105775,"comment_status":"closed","ping_status":"closed","sticky":false,"template":"","format":"standard","meta":{"ub_ctt_via":"","_mi_skip_tracking":false},"categories":[446],"tags":[783],"featured_image_src":"https:\/\/www.messinaoggi.it\/website\/wp-content\/uploads\/2022\/04\/20220427_0248.jpg","author_info":{"display_name":"Admin","author_link":"https:\/\/www.messinaoggi.it\/website\/author\/admin\/"},"digistream_id":0,"digistream":false,"_links":{"self":[{"href":"https:\/\/www.messinaoggi.it\/website\/wp-json\/wp\/v2\/posts\/105774"}],"collection":[{"href":"https:\/\/www.messinaoggi.it\/website\/wp-json\/wp\/v2\/posts"}],"about":[{"href":"https:\/\/www.messinaoggi.it\/website\/wp-json\/wp\/v2\/types\/post"}],"author":[{"embeddable":true,"href":"https:\/\/www.messinaoggi.it\/website\/wp-json\/wp\/v2\/users\/18"}],"replies":[{"embeddable":true,"href":"https:\/\/www.messinaoggi.it\/website\/wp-json\/wp\/v2\/comments?post=105774"}],"version-history":[{"count":0,"href":"https:\/\/www.messinaoggi.it\/website\/wp-json\/wp\/v2\/posts\/105774\/revisions"}],"wp:featuredmedia":[{"embeddable":true,"href":"https:\/\/www.messinaoggi.it\/website\/wp-json\/wp\/v2\/media\/105775"}],"wp:attachment":[{"href":"https:\/\/www.messinaoggi.it\/website\/wp-json\/wp\/v2\/media?parent=105774"}],"wp:term":[{"taxonomy":"category","embeddable":true,"href":"https:\/\/www.messinaoggi.it\/website\/wp-json\/wp\/v2\/categories?post=105774"},{"taxonomy":"post_tag","embeddable":true,"href":"https:\/\/www.messinaoggi.it\/website\/wp-json\/wp\/v2\/tags?post=105774"}],"curies":[{"name":"wp","href":"https:\/\/api.w.org\/{rel}","templated":true}]}}