{"id":105760,"date":"2022-04-27T10:07:35","date_gmt":"2022-04-27T08:07:35","guid":{"rendered":"https:\/\/www.messinaoggi.it\/website\/2022\/04\/27\/covid-costa-ci-sono-le-condizioni-per-pensare-a-unestate-senza-restrizioni\/"},"modified":"2022-04-27T10:07:35","modified_gmt":"2022-04-27T08:07:35","slug":"covid-costa-ci-sono-le-condizioni-per-pensare-a-unestate-senza-restrizioni","status":"publish","type":"post","link":"https:\/\/www.messinaoggi.it\/website\/2022\/04\/27\/covid-costa-ci-sono-le-condizioni-per-pensare-a-unestate-senza-restrizioni\/","title":{"rendered":"Covid, Costa \u201cCi sono le condizioni per pensare a un\u2019estate senza restrizioni\u201d"},"content":{"rendered":"<div>ROMA (ITALPRESS) &#8211; &#8220;Non c&#8217;\u00e8 dubbio che siamo di fronte ad un innalzamento dei contagi, ma fortunatamente non sta producendo una pressione sui nostri ospedali. Credo che questo sia l&#8217;elemento pi\u00f9 importante che dobbiamo monitorare ogni giorno&#8221;. Lo ha detto il sottosegretario alla salute, Andrea Costa, ospite su Rtl 102.5. &#8220;L&#8217;obiettivo &#8211; aggiunge &#8211; \u00e8 quello di arrivare a una convivenza con il virus, credo che sia impossibile ragionare su un contagio zero. Una convivenza che permetta ai nostri ospedali di continuare nell&#8217;attivit\u00e0 ordinaria, alle nostre attivit\u00e0 e al nostro Paese di ripartire&#8221;.<br \/>&#8220;Dopo due anni di regole, di libert\u00e0 compresse &#8211; aggiunge &#8211; dobbiamo veicolare messaggi rassicuranti e positivi ai cittadini che in due anni hanno dimostrato un grande senso di responsabilit\u00e0. Oggi ci sono le condizioni per dire che avremo un&#8217;estate senza restrizioni. Credo che non sia corretto vincolare l&#8217;oggi per paura del domani&#8221;, ha detto il sottosegretario alla Salute. <br \/>&#8220;Il primo maggio &#8211; prosegue &#8211; si apre una nuova fase. Non sar\u00e0 pi\u00f9 richiesto l&#8217;utilizzo del Green Pass, il vero elemento di cambiamento, il segno tangibile di una fase nuova. Per quanto riguarda le mascherine al chiuso credo che in questi due anni, da parte dei cittadini, si siano formati una diversa consapevolezza e anche un senso di autoprotezione. Ad esempio: nonostante abbiamo tolto l&#8217;obbligo delle mascherine all&#8217;aperto da mesi, continuiamo a vedere cittadini in situazioni di piazze affollate che le indossano. Per quanto riguarda le mascherine al chiuso credo ci sia bisogno di un cambio di passo e credo che si possa passare a una raccomandazione, in senso generale, perch\u00e8 la mascherina rappresenta un elemento di protezione. Si continua a mantenere l&#8217;obbligo e riservarlo in alcune situazioni: i trasporti pubblici, i cinema, i teatri, i luoghi dove c&#8217;\u00e8 un affollamento maggiore. L\u00ec \u00e8 ragionevole pensare a una proroga di un mese dell&#8217;obbligo dell&#8217;utilizzo delle mascherine&#8221;, ha detto il sottosegretario alla Salute. &#8220;Per tutto il resto si pu\u00f2 passare a una raccomandazione. E&#8217; la mia posizione, mi auguro che si arrivi nei prossimi giorni a questa sintesi. Entro questa settimana verr\u00e0 presa una decisione su questo tema&#8221;.<br \/>Il prolungamento dell&#8217;obbligo di indossare la mascherina al chiuso in alcune situazioni. &#8220;Credo che il ragionamento che si sta facendo \u00e8 questo: trenta giorni o far coincidere questo prolungamento con la fine dell&#8217;anno scolastico&#8221;, ha detto Costa. &#8220;Ragioniamo per arrivare a un&#8217;estate senza restrizioni&#8221;.<br \/>Negli ospedali &#8220;si continua a mantenere l&#8217;obbligo di vaccinazione fino a fine anno. Per coloro che non rispettano questo obbligo non ci sar\u00e0 la possibilit\u00e0 di essere reintegrati sul posto di lavoro, questo \u00e8 un punto fermo sul quale il Governo \u00e8 rimasto sulla posizione iniziale&#8221;, ha detto il sottosegretario alla Salute. &#8220;Per tutto il resto, dal primo maggio il Green Pass non sar\u00e0 pi\u00f9 richiesto&#8221;.<br \/>Riguardo alle mascherine sui luoghi di lavoro &#8220;\u00e8 uno di quei temi sui quali si sta ancora discutendo per arrivare a trovare una sintesi. Per quanto mi riguarda, la mia posizione personale \u00e8 quella di arrivare a una raccomandazione per tutti i luoghi di lavoro. Credo che sia giunto il momento, dopo due anni di regole e restrizioni, di dare fiducia agli italiani che hanno dimostrato un grande senso di responsabilit\u00e0&#8221;, ha commentato Costa. &#8220;Credo diventi difficile e complicato andare a regolamentare l&#8217;utilizzo della mascherina sui luoghi di lavoro. Mi auguro che si possa arrivare a una raccomandazione, quindi affidarci a un senso di responsabilit\u00e0 dei cittadini&#8221;.<br \/>-Photo credit: agenziafotogramma.it-<br \/>(ITALPRESS).<\/div>\n<div id=\"div-gpt-ad-Messinaoggi.it-DSK-300x250-corpoart\" style=\"text-align:center;margin:0 auto;\"><\/div><\/p><div id=\"videoincontent\" style=\"clear:both\";><\/div>","protected":false},"excerpt":{"rendered":"<p>ROMA (ITALPRESS) &#8211; &#8220;Non c&#8217;\u00e8 dubbio che siamo di fronte ad un innalzamento dei contagi, ma fortunatamente non sta producendo una pressione sui nostri ospedali. Credo che questo sia l&#8217;elemento pi\u00f9 importante che dobbiamo monitorare ogni giorno&#8221;. Lo ha detto il sottosegretario alla salute, Andrea Costa, ospite su Rtl 102.5. &#8220;L&#8217;obiettivo &#8211; aggiunge &#8211; \u00e8 [&hellip;]<\/p>\n","protected":false},"author":18,"featured_media":105761,"comment_status":"closed","ping_status":"closed","sticky":false,"template":"","format":"standard","meta":{"ub_ctt_via":"","_mi_skip_tracking":false},"categories":[446],"tags":[783],"featured_image_src":"https:\/\/www.messinaoggi.it\/website\/wp-content\/uploads\/2022\/04\/20220427_0151.jpg","author_info":{"display_name":"Admin","author_link":"https:\/\/www.messinaoggi.it\/website\/author\/admin\/"},"digistream_id":0,"digistream":false,"_links":{"self":[{"href":"https:\/\/www.messinaoggi.it\/website\/wp-json\/wp\/v2\/posts\/105760"}],"collection":[{"href":"https:\/\/www.messinaoggi.it\/website\/wp-json\/wp\/v2\/posts"}],"about":[{"href":"https:\/\/www.messinaoggi.it\/website\/wp-json\/wp\/v2\/types\/post"}],"author":[{"embeddable":true,"href":"https:\/\/www.messinaoggi.it\/website\/wp-json\/wp\/v2\/users\/18"}],"replies":[{"embeddable":true,"href":"https:\/\/www.messinaoggi.it\/website\/wp-json\/wp\/v2\/comments?post=105760"}],"version-history":[{"count":0,"href":"https:\/\/www.messinaoggi.it\/website\/wp-json\/wp\/v2\/posts\/105760\/revisions"}],"wp:featuredmedia":[{"embeddable":true,"href":"https:\/\/www.messinaoggi.it\/website\/wp-json\/wp\/v2\/media\/105761"}],"wp:attachment":[{"href":"https:\/\/www.messinaoggi.it\/website\/wp-json\/wp\/v2\/media?parent=105760"}],"wp:term":[{"taxonomy":"category","embeddable":true,"href":"https:\/\/www.messinaoggi.it\/website\/wp-json\/wp\/v2\/categories?post=105760"},{"taxonomy":"post_tag","embeddable":true,"href":"https:\/\/www.messinaoggi.it\/website\/wp-json\/wp\/v2\/tags?post=105760"}],"curies":[{"name":"wp","href":"https:\/\/api.w.org\/{rel}","templated":true}]}}