{"id":105753,"date":"2022-04-27T09:39:54","date_gmt":"2022-04-27T07:39:54","guid":{"rendered":"http:\/\/www.messinaoggi.it\/website\/?p=105753"},"modified":"2022-04-27T09:39:57","modified_gmt":"2022-04-27T07:39:57","slug":"de-domenico-incontro-i-vertici-di-helen-keller","status":"publish","type":"post","link":"https:\/\/www.messinaoggi.it\/website\/2022\/04\/27\/de-domenico-incontro-i-vertici-di-helen-keller\/","title":{"rendered":"De Domenico incontro i vertici di &#8220;Helen Keller&#8221;"},"content":{"rendered":"\n<p>Il candidato sindaco del centrosinistra, Franco De Domenico, ha incontrato questa mattina i dirigenti e gli istruttori del Centro regionale \u2018Helen Keller\u2019, scuola cani guida per ciechi e Polo nazionale per l\u2019Autonomia, nato su volont\u00e0 dell\u2019Unione Italiana dei Ciechi e degli Ipovedenti e grazie alla Regione Siciliana, con la legge regionale del 30 aprile 2001.<div id=\"div-gpt-ad-Messinaoggi.it-DSK-300x250-corpoart\" style=\"text-align:center;margin:0 auto;\"><\/div><\/p>\n\n\n\n<p>Alla riunione erano presenti Santino Di Gregorio, vicepresidente della struttura e presidente della sezione territoriale di Enna dell\u2019Uici e Fabrizio Zingale direttore del centro.<div id=\"videoincontent\" style=\"clear:both\";><\/div><\/p>\n\n\n\n<p>Di Gregorio ha ricordato come non sia mai mancato il sostegno alla realt\u00e0 messinese da parte di De Domenico, anche da parlamentare regionale, \u201cdimostrando \u2013 afferma il vicepresidente \u2013 una grande sensibilit\u00e0 e attenzione verso noi portatori di un\u2019istanza molto delicata. La sua presenza non \u00e8 mai stata sollecitata e questo \u00e8 indice di affidabilit\u00e0\u201d.<\/p>\n\n\n\n<p>\u201cL\u2019 \u2018Helen Keller\u2019 \u2013 ha ricordato Santino Di Gregorio &#8211; ha rapporti aperti con il Comune di Messina, che condivide con altri enti istituzionali il sostegno a uno dei centri pi\u00f9 importanti non solo della Sicilia ma d\u2019Italia per l\u2019addestramento di cani guida. In itinere, al Comune, ci sono dei procedimenti amministrativi per l\u2019assegnazione dei locali in centro, che potrebbero essere gli spazi dell\u2019ex \u2018Citt\u00e0 del ragazzo\u2019. Uno spostamento, infatti, sarebbe fondamentale viste le difficolt\u00e0 logistiche per raggiungere l\u2019attuale sede a Tremonti e dato che gli operatori svolgono gran parte del loro lavoro in citt\u00e0.<\/p>\n\n\n\n<p>Il Centro regionale \u2018Helen Keller\u2019 \u00e8 anche un centro di aggregazione e inclusione sociale.<\/p>\n\n\n\n<p>\u201c\u00c8 motivo di grande orgoglio ospitare a Messina una realt\u00e0 cos\u00ec importante a livello non solo locale, ma nazionale \u2013 ha osservato Franco De Domenico \u2013 pertanto dobbiamo fare di tutto affinch\u00e9 il centro possa continuare a operare nel miglior modo possibile e essere sostenuto attivamente nel suo delicato impegno sociale\u201d.<\/p>\n","protected":false},"excerpt":{"rendered":"<p>Il candidato sindaco del centrosinistra, Franco De Domenico, ha incontrato questa mattina i dirigenti e gli istruttori del Centro regionale \u2018Helen Keller\u2019, scuola cani guida per ciechi e Polo nazionale per l\u2019Autonomia, nato su volont\u00e0 dell\u2019Unione Italiana dei Ciechi e degli Ipovedenti e grazie alla Regione Siciliana, con la legge regionale del 30 aprile 2001. [&hellip;]<\/p>\n","protected":false},"author":2,"featured_media":35427,"comment_status":"open","ping_status":"open","sticky":false,"template":"","format":"standard","meta":{"ub_ctt_via":"","_mi_skip_tracking":false},"categories":[6],"tags":[4012],"featured_image_src":"https:\/\/www.messinaoggi.it\/website\/wp-content\/uploads\/2019\/07\/franco-de-domenico.jpg","author_info":{"display_name":"Redazione","author_link":"https:\/\/www.messinaoggi.it\/website\/author\/redazione\/"},"digistream_id":0,"digistream":false,"_links":{"self":[{"href":"https:\/\/www.messinaoggi.it\/website\/wp-json\/wp\/v2\/posts\/105753"}],"collection":[{"href":"https:\/\/www.messinaoggi.it\/website\/wp-json\/wp\/v2\/posts"}],"about":[{"href":"https:\/\/www.messinaoggi.it\/website\/wp-json\/wp\/v2\/types\/post"}],"author":[{"embeddable":true,"href":"https:\/\/www.messinaoggi.it\/website\/wp-json\/wp\/v2\/users\/2"}],"replies":[{"embeddable":true,"href":"https:\/\/www.messinaoggi.it\/website\/wp-json\/wp\/v2\/comments?post=105753"}],"version-history":[{"count":1,"href":"https:\/\/www.messinaoggi.it\/website\/wp-json\/wp\/v2\/posts\/105753\/revisions"}],"predecessor-version":[{"id":105754,"href":"https:\/\/www.messinaoggi.it\/website\/wp-json\/wp\/v2\/posts\/105753\/revisions\/105754"}],"wp:featuredmedia":[{"embeddable":true,"href":"https:\/\/www.messinaoggi.it\/website\/wp-json\/wp\/v2\/media\/35427"}],"wp:attachment":[{"href":"https:\/\/www.messinaoggi.it\/website\/wp-json\/wp\/v2\/media?parent=105753"}],"wp:term":[{"taxonomy":"category","embeddable":true,"href":"https:\/\/www.messinaoggi.it\/website\/wp-json\/wp\/v2\/categories?post=105753"},{"taxonomy":"post_tag","embeddable":true,"href":"https:\/\/www.messinaoggi.it\/website\/wp-json\/wp\/v2\/tags?post=105753"}],"curies":[{"name":"wp","href":"https:\/\/api.w.org\/{rel}","templated":true}]}}