{"id":105751,"date":"2022-04-27T09:36:26","date_gmt":"2022-04-27T07:36:26","guid":{"rendered":"http:\/\/www.messinaoggi.it\/website\/?p=105751"},"modified":"2022-04-27T09:36:35","modified_gmt":"2022-04-27T07:36:35","slug":"civica-per-messina-no-a-privatizzazione-del-verde","status":"publish","type":"post","link":"https:\/\/www.messinaoggi.it\/website\/2022\/04\/27\/civica-per-messina-no-a-privatizzazione-del-verde\/","title":{"rendered":"Civica per Messina: &#8220;No a privatizzazione del verde&#8221;"},"content":{"rendered":"\n<p>&#8220;La notizia che Msbc bandisca una gara per dare in appalto per due anni la gestione a ditte private del verde cittadino per 5 milioni (con opzione per altri due anni e per altri 5 milioni!) conferma le perplessit\u00e0 che furono sollevate quando il comune decise nel febbraio 2021di affidare con contratto di servizio a Messinaservizi la gestione pubblica del verde urbano per circa 5 milioni di euro l&#8217;anno.MESSINASERVIZI non aveva n\u00e9 il personale specializzato n\u00e9 l&#8217;attrezzatura adeguata per gestire il verde, ma sia la giunta che parte del consiglio comunale deliberarono a favore di Messinaservizi. Oggi ad oltre un anno da quel contratto Msbc continua incredibilmente a non essere in grado di gestire in prima persona l&#8217;intero servizio ed affida ai privati buona parte della cura del verde, perfino il diserbo che rientrerebbe in parte nel normale servizio di gestione dei rifiuti per il quale i cittadini pagano una salata tari.Si chiede pertanto al commissario comunale di vigilare sulla regolarit\u00e0 di tali procedure d&#8217;appalto per il verde urbano e di valutare l&#8217;opportunit\u00e0 di sospenderne i termini e di accertare i motivi per i quali Messinaservizi non \u00e8 ancora in grado di gestire il servizio. No alla privatizzazione mascherata dei servizi pubblici, no alla Tari tra le pi\u00f9 alte d&#8217;Italia&#8221;.<div id=\"div-gpt-ad-Messinaoggi.it-DSK-300x250-corpoart\" style=\"text-align:center;margin:0 auto;\"><\/div><\/p>\n\n\n\n<p>Lo sostiene in una nota stampa la &#8220;Coalizione civica per Messina&#8221; che apre i riflettori su un tema caldo della campagna elettorale.<div id=\"videoincontent\" style=\"clear:both\";><\/div><\/p>\n","protected":false},"excerpt":{"rendered":"<p>&#8220;La notizia che Msbc bandisca una gara per dare in appalto per due anni la gestione a ditte private del verde cittadino per 5 milioni (con opzione per altri due anni e per altri 5 milioni!) conferma le perplessit\u00e0 che furono sollevate quando il comune decise nel febbraio 2021di affidare con contratto di servizio a [&hellip;]<\/p>\n","protected":false},"author":2,"featured_media":81771,"comment_status":"open","ping_status":"open","sticky":false,"template":"","format":"standard","meta":{"ub_ctt_via":"","_mi_skip_tracking":false},"categories":[5],"tags":[4402,1372,4400],"featured_image_src":"https:\/\/www.messinaoggi.it\/website\/wp-content\/uploads\/2021\/09\/scerbatura.jpg","author_info":{"display_name":"Redazione","author_link":"https:\/\/www.messinaoggi.it\/website\/author\/redazione\/"},"digistream_id":0,"digistream":false,"_links":{"self":[{"href":"https:\/\/www.messinaoggi.it\/website\/wp-json\/wp\/v2\/posts\/105751"}],"collection":[{"href":"https:\/\/www.messinaoggi.it\/website\/wp-json\/wp\/v2\/posts"}],"about":[{"href":"https:\/\/www.messinaoggi.it\/website\/wp-json\/wp\/v2\/types\/post"}],"author":[{"embeddable":true,"href":"https:\/\/www.messinaoggi.it\/website\/wp-json\/wp\/v2\/users\/2"}],"replies":[{"embeddable":true,"href":"https:\/\/www.messinaoggi.it\/website\/wp-json\/wp\/v2\/comments?post=105751"}],"version-history":[{"count":1,"href":"https:\/\/www.messinaoggi.it\/website\/wp-json\/wp\/v2\/posts\/105751\/revisions"}],"predecessor-version":[{"id":105752,"href":"https:\/\/www.messinaoggi.it\/website\/wp-json\/wp\/v2\/posts\/105751\/revisions\/105752"}],"wp:featuredmedia":[{"embeddable":true,"href":"https:\/\/www.messinaoggi.it\/website\/wp-json\/wp\/v2\/media\/81771"}],"wp:attachment":[{"href":"https:\/\/www.messinaoggi.it\/website\/wp-json\/wp\/v2\/media?parent=105751"}],"wp:term":[{"taxonomy":"category","embeddable":true,"href":"https:\/\/www.messinaoggi.it\/website\/wp-json\/wp\/v2\/categories?post=105751"},{"taxonomy":"post_tag","embeddable":true,"href":"https:\/\/www.messinaoggi.it\/website\/wp-json\/wp\/v2\/tags?post=105751"}],"curies":[{"name":"wp","href":"https:\/\/api.w.org\/{rel}","templated":true}]}}