{"id":105738,"date":"2022-04-27T00:07:41","date_gmt":"2022-04-26T22:07:41","guid":{"rendered":"https:\/\/www.messinaoggi.it\/website\/2022\/04\/26\/gas-di-maio-battaglia-concreta-per-il-tetto-europeo-al-prezzo\/"},"modified":"2022-04-27T09:31:29","modified_gmt":"2022-04-27T07:31:29","slug":"gas-di-maio-battaglia-concreta-per-il-tetto-europeo-al-prezzo","status":"publish","type":"post","link":"https:\/\/www.messinaoggi.it\/website\/2022\/04\/27\/gas-di-maio-battaglia-concreta-per-il-tetto-europeo-al-prezzo\/","title":{"rendered":"Gas, Di Maio \u201cBattaglia concreta per il tetto europeo al prezzo\u201d"},"content":{"rendered":"<div>ROMA (ITALPRESS) &#8211; &#8220;Come Italia continueremo a batterci in Europa con tutte le forze. Subito un tetto massimo europeo al prezzo del gas, per tutelare famiglie e aziende contro speculazioni che non permetteremo&#8221;. Lo scrive su Facebook il ministro degli Esteri Luigi Di Maio.<br \/>&#8220;Questa \u00e8 la risposta che l&#8217;Europa deve dare ai cittadini, con rapidit\u00e0 e senza veti da parte di nessuno &#8211; aggiunge -. Il tetto massimo al prezzo del gas \u00e8 una proposta di buonsenso a tutela dei nostri concittadini, dobbiamo supportarla tutti. Avanti compatti, in Europa e in Italia, per raggiungere al pi\u00f9 presto questo risultato. L&#8217;Europa si migliora portando avanti battaglie concrete come questa&#8221;.<br \/>(ITALPRESS).<\/div>\n<div id=\"div-gpt-ad-Messinaoggi.it-DSK-300x250-corpoart\" style=\"text-align:center;margin:0 auto;\"><\/div><\/p><div id=\"videoincontent\" style=\"clear:both\";><\/div>","protected":false},"excerpt":{"rendered":"<p>ROMA (ITALPRESS) &#8211; &#8220;Come Italia continueremo a batterci in Europa con tutte le forze. Subito un tetto massimo europeo al prezzo del gas, per tutelare famiglie e aziende contro speculazioni che non permetteremo&#8221;. Lo scrive su Facebook il ministro degli Esteri Luigi Di Maio.&#8220;Questa \u00e8 la risposta che l&#8217;Europa deve dare ai cittadini, con rapidit\u00e0 [&hellip;]<\/p>\n","protected":false},"author":18,"featured_media":105739,"comment_status":"closed","ping_status":"closed","sticky":false,"template":"","format":"standard","meta":{"ub_ctt_via":"","_mi_skip_tracking":false},"categories":[446,4],"tags":[783],"featured_image_src":"https:\/\/www.messinaoggi.it\/website\/wp-content\/uploads\/2022\/04\/20220426_1837.jpg","author_info":{"display_name":"Admin","author_link":"https:\/\/www.messinaoggi.it\/website\/author\/admin\/"},"digistream_id":0,"digistream":false,"_links":{"self":[{"href":"https:\/\/www.messinaoggi.it\/website\/wp-json\/wp\/v2\/posts\/105738"}],"collection":[{"href":"https:\/\/www.messinaoggi.it\/website\/wp-json\/wp\/v2\/posts"}],"about":[{"href":"https:\/\/www.messinaoggi.it\/website\/wp-json\/wp\/v2\/types\/post"}],"author":[{"embeddable":true,"href":"https:\/\/www.messinaoggi.it\/website\/wp-json\/wp\/v2\/users\/18"}],"replies":[{"embeddable":true,"href":"https:\/\/www.messinaoggi.it\/website\/wp-json\/wp\/v2\/comments?post=105738"}],"version-history":[{"count":1,"href":"https:\/\/www.messinaoggi.it\/website\/wp-json\/wp\/v2\/posts\/105738\/revisions"}],"predecessor-version":[{"id":105750,"href":"https:\/\/www.messinaoggi.it\/website\/wp-json\/wp\/v2\/posts\/105738\/revisions\/105750"}],"wp:featuredmedia":[{"embeddable":true,"href":"https:\/\/www.messinaoggi.it\/website\/wp-json\/wp\/v2\/media\/105739"}],"wp:attachment":[{"href":"https:\/\/www.messinaoggi.it\/website\/wp-json\/wp\/v2\/media?parent=105738"}],"wp:term":[{"taxonomy":"category","embeddable":true,"href":"https:\/\/www.messinaoggi.it\/website\/wp-json\/wp\/v2\/categories?post=105738"},{"taxonomy":"post_tag","embeddable":true,"href":"https:\/\/www.messinaoggi.it\/website\/wp-json\/wp\/v2\/tags?post=105738"}],"curies":[{"name":"wp","href":"https:\/\/api.w.org\/{rel}","templated":true}]}}