{"id":105732,"date":"2022-04-26T21:07:36","date_gmt":"2022-04-26T19:07:36","guid":{"rendered":"https:\/\/www.messinaoggi.it\/website\/2022\/04\/26\/letta-evitare-la-recessione-i-fondi-ci-sono\/"},"modified":"2022-04-26T21:07:36","modified_gmt":"2022-04-26T19:07:36","slug":"letta-evitare-la-recessione-i-fondi-ci-sono","status":"publish","type":"post","link":"https:\/\/www.messinaoggi.it\/website\/2022\/04\/26\/letta-evitare-la-recessione-i-fondi-ci-sono\/","title":{"rendered":"Letta \u201cEvitare la recessione, i fondi ci sono\u201d"},"content":{"rendered":"<div>ROMA (ITALPRESS) &#8211; &#8220;Bisogna assolutamente evitare una recessione, che altrimenti ci sar\u00e0 e sar\u00e0 pesantissima. Come? Bisogna intervenire sul prezzo dell&#8217;energia, bloccarlo a livello europeo, se non ci si riesce farlo almeno a livello nazionale, come Spagna e Portogallo hanno fatto, e dare un assegno energia alle famiglie e alle imprese. Bisogna agevolare l&#8217;uso del trasporto pubblico locale per tutti i cittadini, e poi bisogna alzare i salari&#8221;. Lo ha detto Enrico Letta, segretario del Pd, ai microfoni del Tg3.<br \/>&#8220;Ne stiamo parlando con il Governo &#8211; ha aggiunto -. I fondi ci sono, ci sono 6 miliardi di euro che il miglioramento dei conti pubblici ha dato, ci sono gli extraprofitti delle imprese petrolifere e dell&#8217;energia. Intervenire l\u00ec \u00e8 possibile, e se c&#8217;\u00e8 bisogno si far\u00e0 uno scostamento di bilancio&#8221;.<div id=\"div-gpt-ad-Messinaoggi.it-DSK-300x250-corpoart\" style=\"text-align:center;margin:0 auto;\"><\/div><\/p>\n<p>&#8211; Foto agenziafotogramma.it &#8211;<div id=\"videoincontent\" style=\"clear:both\";><\/div><\/p>\n<p>(ITALPRESS).<\/p><\/div>\n","protected":false},"excerpt":{"rendered":"<p>ROMA (ITALPRESS) &#8211; &#8220;Bisogna assolutamente evitare una recessione, che altrimenti ci sar\u00e0 e sar\u00e0 pesantissima. Come? Bisogna intervenire sul prezzo dell&#8217;energia, bloccarlo a livello europeo, se non ci si riesce farlo almeno a livello nazionale, come Spagna e Portogallo hanno fatto, e dare un assegno energia alle famiglie e alle imprese. Bisogna agevolare l&#8217;uso del [&hellip;]<\/p>\n","protected":false},"author":18,"featured_media":105733,"comment_status":"closed","ping_status":"closed","sticky":false,"template":"","format":"standard","meta":{"ub_ctt_via":"","_mi_skip_tracking":false},"categories":[446],"tags":[783],"featured_image_src":"https:\/\/www.messinaoggi.it\/website\/wp-content\/uploads\/2022\/04\/20220426_1770.jpg","author_info":{"display_name":"Admin","author_link":"https:\/\/www.messinaoggi.it\/website\/author\/admin\/"},"digistream_id":0,"digistream":false,"_links":{"self":[{"href":"https:\/\/www.messinaoggi.it\/website\/wp-json\/wp\/v2\/posts\/105732"}],"collection":[{"href":"https:\/\/www.messinaoggi.it\/website\/wp-json\/wp\/v2\/posts"}],"about":[{"href":"https:\/\/www.messinaoggi.it\/website\/wp-json\/wp\/v2\/types\/post"}],"author":[{"embeddable":true,"href":"https:\/\/www.messinaoggi.it\/website\/wp-json\/wp\/v2\/users\/18"}],"replies":[{"embeddable":true,"href":"https:\/\/www.messinaoggi.it\/website\/wp-json\/wp\/v2\/comments?post=105732"}],"version-history":[{"count":0,"href":"https:\/\/www.messinaoggi.it\/website\/wp-json\/wp\/v2\/posts\/105732\/revisions"}],"wp:featuredmedia":[{"embeddable":true,"href":"https:\/\/www.messinaoggi.it\/website\/wp-json\/wp\/v2\/media\/105733"}],"wp:attachment":[{"href":"https:\/\/www.messinaoggi.it\/website\/wp-json\/wp\/v2\/media?parent=105732"}],"wp:term":[{"taxonomy":"category","embeddable":true,"href":"https:\/\/www.messinaoggi.it\/website\/wp-json\/wp\/v2\/categories?post=105732"},{"taxonomy":"post_tag","embeddable":true,"href":"https:\/\/www.messinaoggi.it\/website\/wp-json\/wp\/v2\/tags?post=105732"}],"curies":[{"name":"wp","href":"https:\/\/api.w.org\/{rel}","templated":true}]}}