{"id":105585,"date":"2022-04-25T08:31:35","date_gmt":"2022-04-25T06:31:35","guid":{"rendered":"http:\/\/www.messinaoggi.it\/website\/?p=105585"},"modified":"2022-04-26T11:29:37","modified_gmt":"2022-04-26T09:29:37","slug":"cuffaro-mai-immaginato-di-stare-con-de-luca","status":"publish","type":"post","link":"https:\/\/www.messinaoggi.it\/website\/2022\/04\/25\/cuffaro-mai-immaginato-di-stare-con-de-luca\/","title":{"rendered":"Cuffaro: &#8220;Mai immaginato di stare con De Luca&#8221;"},"content":{"rendered":"\n<p>\u201cMi ero determinato nel non rispondere alle farneticazioni di Cateno De Luca, come \u00e8 giusto, l\u2019ho sempre rispettato. Ma come dicevano i latini \u2018Est modus in rebus\u2019 (c\u2019\u00e8 un limite a tutto)\u201d. Lo dichiara i <br>commissario regionale della Dc Nuova, Tot\u00f2 Cuffaro.<div id=\"div-gpt-ad-Messinaoggi.it-DSK-300x250-corpoart\" style=\"text-align:center;margin:0 auto;\"><\/div><\/p>\n\n\n\n<p>\u201cDe Luca se la canta e se la suona. La Democrazia Cristiana, nel<br>rispetto del candidato Basile, non ha mai immaginato di stare con lui.<br>De Luca \u2013 continua Cuffaro &#8211; ha fatto un\u2019apertura alla DC, tra l\u2019altro<br>piena di diktat, e la DC l\u2019ha educatamente rifiutata. E qui finisce la<br>mia risposta politica\u201d.<div id=\"videoincontent\" style=\"clear:both\";><\/div><\/p>\n\n\n\n<p>\u201cPer quella personale \u2013 prosegue -, non so di quali affari parla De Luca<br>e non c\u2019\u00e8 traccia di sue prese di posizione in tal senso in Assemblea<br>Regionale e della sua attivit\u00e0 parlamentare rimane soltanto il suo<br>spogliarello avvolto nella bandiera\u201d.<\/p>\n\n\n\n<p>\u201cMi rimprovera che invece di fare il francescano in Burundi sono tornato<br>a fare politica. Questo \u00e8 merito suo, nel senso che ho avuto il terrore<br>di lasciare la politica a gente come lui e allora mi sono convinto a<br>tornare. Non si preoccupi, torner\u00f2 in Burundi e spero di portarlo l\u00ec, so<br>di fare un torto ai Burundesi ma far\u00f2 una cosa buona per i siciliani\u201d.<\/p>\n","protected":false},"excerpt":{"rendered":"<p>\u201cMi ero determinato nel non rispondere alle farneticazioni di Cateno De Luca, come \u00e8 giusto, l\u2019ho sempre rispettato. Ma come dicevano i latini \u2018Est modus in rebus\u2019 (c\u2019\u00e8 un limite a tutto)\u201d. Lo dichiara i commissario regionale della Dc Nuova, Tot\u00f2 Cuffaro. \u201cDe Luca se la canta e se la suona. La Democrazia Cristiana, nelrispetto [&hellip;]<\/p>\n","protected":false},"author":4,"featured_media":99519,"comment_status":"open","ping_status":"open","sticky":false,"template":"","format":"standard","meta":{"ub_ctt_via":"","_mi_skip_tracking":false},"categories":[4],"tags":[126,4178,3285],"featured_image_src":"https:\/\/www.messinaoggi.it\/website\/wp-content\/uploads\/2022\/03\/Toto-Cuffaro-incontra-Musumeci.jpeg","author_info":{"display_name":"redme","author_link":"https:\/\/www.messinaoggi.it\/website\/author\/redme\/"},"digistream_id":0,"digistream":false,"_links":{"self":[{"href":"https:\/\/www.messinaoggi.it\/website\/wp-json\/wp\/v2\/posts\/105585"}],"collection":[{"href":"https:\/\/www.messinaoggi.it\/website\/wp-json\/wp\/v2\/posts"}],"about":[{"href":"https:\/\/www.messinaoggi.it\/website\/wp-json\/wp\/v2\/types\/post"}],"author":[{"embeddable":true,"href":"https:\/\/www.messinaoggi.it\/website\/wp-json\/wp\/v2\/users\/4"}],"replies":[{"embeddable":true,"href":"https:\/\/www.messinaoggi.it\/website\/wp-json\/wp\/v2\/comments?post=105585"}],"version-history":[{"count":1,"href":"https:\/\/www.messinaoggi.it\/website\/wp-json\/wp\/v2\/posts\/105585\/revisions"}],"predecessor-version":[{"id":105586,"href":"https:\/\/www.messinaoggi.it\/website\/wp-json\/wp\/v2\/posts\/105585\/revisions\/105586"}],"wp:featuredmedia":[{"embeddable":true,"href":"https:\/\/www.messinaoggi.it\/website\/wp-json\/wp\/v2\/media\/99519"}],"wp:attachment":[{"href":"https:\/\/www.messinaoggi.it\/website\/wp-json\/wp\/v2\/media?parent=105585"}],"wp:term":[{"taxonomy":"category","embeddable":true,"href":"https:\/\/www.messinaoggi.it\/website\/wp-json\/wp\/v2\/categories?post=105585"},{"taxonomy":"post_tag","embeddable":true,"href":"https:\/\/www.messinaoggi.it\/website\/wp-json\/wp\/v2\/tags?post=105585"}],"curies":[{"name":"wp","href":"https:\/\/api.w.org\/{rel}","templated":true}]}}