{"id":105481,"date":"2022-04-23T15:44:32","date_gmt":"2022-04-23T13:44:32","guid":{"rendered":"http:\/\/www.messinaoggi.it\/website\/?p=105481"},"modified":"2022-04-23T15:44:33","modified_gmt":"2022-04-23T13:44:33","slug":"disponibile-nelle-librerie-teoria-generale-per-la-formazione-politica-raccolta-di-saggi-curata-da-carrozza","status":"publish","type":"post","link":"https:\/\/www.messinaoggi.it\/website\/2022\/04\/23\/disponibile-nelle-librerie-teoria-generale-per-la-formazione-politica-raccolta-di-saggi-curata-da-carrozza\/","title":{"rendered":"Disponibile nelle librerie \u201cTeoria generale per la formazione politica\u201d, raccolta di saggi curata da Carrozza"},"content":{"rendered":"\n<p>\u00c8 fresco di stampa il volume \u201cTeoria generale per la formazione politica\u201d, a cura di Francesco Carrozza in collaborazione con Vittorio Lorenzo Tumeo, edito da Rubbettino nella collana della \u201cFondazione Luigi Einaudi\u201d di Roma. Il progetto editoriale, seguito per la FLE dal consigliere Avv. Andrea Pruiti Ciarello, gode del patrocinio scientifico dell\u2019Universit\u00e0 degli Studi di Messina concesso dal Magnifico Rettore Prof. Salvatore Cuzzocrea, ed \u00e8 stato realizzato grazie al contributo della Fondazione Crimi, presieduta dal Dott. Rocco Crimi.<div id=\"div-gpt-ad-Messinaoggi.it-DSK-300x250-corpoart\" style=\"text-align:center;margin:0 auto;\"><\/div><\/p>\n\n\n\n<p>Una pregiata silloge di saggi quella che Carrozza, noto avvocato messinese con la passione della politica nonch\u00e9 ideatore del libro, e Tumeo, giovane studente di giurisprudenza, giornalista pubblicista e presidente del consiglio comunale di Ficarra, hanno raccolto dopo anni di lavoro e che oggi ha finalmente visto la luce delle librerie. A fare da \u201cmecenate\u201d della pubblicazione, l\u2019onorevole professor Antonio Martino, messinese economista di chiara fama e gi\u00e0 Ministro degli Esteri e della Difesa recentemente scomparso, che ha benedetto il libro con una preziosa prefazione, che tra l\u2019altro, \u00e8 anche il suo ultimo scritto pubblico.<div id=\"videoincontent\" style=\"clear:both\";><\/div><\/p>\n\n\n\n<p>Tema centrale su cui si innestano le relazioni \u00e8 proprio la politica. \u201c\u00c8 bizzarro come nel corso degli ultimi anni sia cambiata la fisionomia della politica. Le cause certamente sono da ricercare nel suo protagonista, l\u2019uomo. Si pensi per esempio alla globalizzazione, al dominio di alcuni mercati su altri, alla parziale sostituzione con la vita social e digitale, in cui appunto la comunicazione \u00e8 per natura infungibile, dalla vita delle relazioni umane. Tutto questo impone una rilettura critica della politica, che da fenomeno regolativo della societ\u00e0, e anche da arte se vogliamo, si fa scienza. Occorre quindi guardarla come attraverso un caleidoscopio e rappresentarla nella eterogeneit\u00e0 dei suoi aspetti, quello giuridico, quello sociologico, ed ancora filosofico, storico, letterario. Solo cos\u00ec sar\u00e0 possibile capirla in quella che \u00e8 la sua vera essenza\u201d, si legge nelle riflessioni introduttive all\u2019opera. Un approccio tecnico e scientifico, non contaminato dall\u2019ideologia, quello che questo libro si propone di praticare. Ne sono una prova autentica la qualit\u00e0 dei contributi e il prestigio dei loro autori.<\/p>\n\n\n\n<p>Oltre a Carrozza e Tumeo, che firmano due capitoli, tra i contributori figurano nomi di alto profilo. Firmano ognuno una relazione, autorevoli esponenti del mondo accademico, tra cui il Prof. Giovanni Moschella, Prorettore vicario dell\u2019Universit\u00e0 di Messina e Ordinario di Diritto pubblico a Scienze Politiche; nello stesso dipartimento, il Prof. Dario Caroniti, Ordinario di Storia delle dottrine politiche; il Prof. Paolo Falzea, Ordinario di Diritto costituzionale presso il Dipartimento di Giurisprudenza dell\u2019Universit\u00e0 Magna Graecia di Catanzaro; il Prof. Giuseppe Rando, gi\u00e0 Ordinario di Letteratura italiana presso il Dipartimento di Civilt\u00e0 antiche e moderne dell\u2019Universit\u00e0 di Messina e il Prof. Simon Tanner, docente di Inglese giuridico a Giurisprudenza sempre all\u2019Unime.<\/p>\n\n\n\n<p>Importanti le testimonianze anche dei \u201cpratici\u201d della politica, i politici appunto: una chicca \u00e8 la il capitolo redatto dal Sottosegretario alla Presidenza del Consiglio con delega all\u2019Editoria Sen. Rocco Giuseppe Moles, e professore di Relazioni internazionali all\u2019Universit\u00e0 internazionale di Roma; efficaci quelle dell\u2019On. Bernardette Grasso, gi\u00e0 Assessore Regionale agli Enti locali della Regione Sicilia, e del collega Dott. Alberto Samon\u00e0, Assessore Regionale ai Beni culturali e identit\u00e0 siciliana. Di rilievo, infine, i contributi che provengono dal mondo delle professioni, con le firme dell\u2019Avv. Maria Fernanda Gervasi, dell\u2019Avv. Alessandro Bill\u00e8 e del professore di marketing Carlo Vittorio Giovannelli.<\/p>\n\n\n\n<p>Quando gli si chiede com\u2019\u00e8 nata l\u2019idea di creare questo libro, Francesco Carrozza chiarisce che \u201cnasce dalla volont\u00e0 di insegnare ai giovani la nobile arte della politica. Proprio per questo ho deciso di coinvolgere nella redazione del libro un giovane di cultura, Vittorio Tumeo, che rappresentasse lo spirito di amore per la politica che nutrivo quando frequentavo il corso di formazione politica di Don Gianni Baget Bozzo\u201d. \u201cAbbiamo cercato, attraverso i contributi delle persone coinvolte, di fornire ai prossimi \u201cartisti\u201d, rectius \u201cartigiani\u201d, della politica, gli instrumenta per praticare ad ogni livello di espressione, quello che convenzionalmente \u00e8 inteso \u00abbuon governo\u00bb\u201d, commenta Vittorio Lorenzo Tumeo, gi\u00e0 autore del racconto breve L\u2019eredit\u00e0 del sapiente nel 2015 e del saggio L\u2019attualit\u00e0 dell\u2019inattuale nel 2018.<\/p>\n\n\n\n<p>A corredare il libro, il quadro dell\u2019artista Antonella Bonaffini, dal titolo \u201cDistinguersi\u201d. A breve il libro sar\u00e0 presentato in vari consessi siciliani e nazionali; \u00e8 comunque disponibile su Amazon al seguente link: https:\/\/www.amazon.it\/generale-formazione-politica-Francesco-Carrozza\/dp\/8849871708 .<\/p>\n","protected":false},"excerpt":{"rendered":"<p>\u00c8 fresco di stampa il volume \u201cTeoria generale per la formazione politica\u201d, a cura di Francesco Carrozza in collaborazione con Vittorio Lorenzo Tumeo, edito da Rubbettino nella collana della \u201cFondazione Luigi Einaudi\u201d di Roma. Il progetto editoriale, seguito per la FLE dal consigliere Avv. Andrea Pruiti Ciarello, gode del patrocinio scientifico dell\u2019Universit\u00e0 degli Studi di [&hellip;]<\/p>\n","protected":false},"author":8,"featured_media":105483,"comment_status":"open","ping_status":"open","sticky":false,"template":"","format":"standard","meta":{"ub_ctt_via":"","_mi_skip_tracking":false},"categories":[5],"tags":[4385,814,4386],"featured_image_src":"https:\/\/www.messinaoggi.it\/website\/wp-content\/uploads\/2022\/04\/francesco-carrozza.jpg","author_info":{"display_name":"red..me","author_link":"https:\/\/www.messinaoggi.it\/website\/author\/redstage\/"},"digistream_id":0,"digistream":false,"_links":{"self":[{"href":"https:\/\/www.messinaoggi.it\/website\/wp-json\/wp\/v2\/posts\/105481"}],"collection":[{"href":"https:\/\/www.messinaoggi.it\/website\/wp-json\/wp\/v2\/posts"}],"about":[{"href":"https:\/\/www.messinaoggi.it\/website\/wp-json\/wp\/v2\/types\/post"}],"author":[{"embeddable":true,"href":"https:\/\/www.messinaoggi.it\/website\/wp-json\/wp\/v2\/users\/8"}],"replies":[{"embeddable":true,"href":"https:\/\/www.messinaoggi.it\/website\/wp-json\/wp\/v2\/comments?post=105481"}],"version-history":[{"count":1,"href":"https:\/\/www.messinaoggi.it\/website\/wp-json\/wp\/v2\/posts\/105481\/revisions"}],"predecessor-version":[{"id":105484,"href":"https:\/\/www.messinaoggi.it\/website\/wp-json\/wp\/v2\/posts\/105481\/revisions\/105484"}],"wp:featuredmedia":[{"embeddable":true,"href":"https:\/\/www.messinaoggi.it\/website\/wp-json\/wp\/v2\/media\/105483"}],"wp:attachment":[{"href":"https:\/\/www.messinaoggi.it\/website\/wp-json\/wp\/v2\/media?parent=105481"}],"wp:term":[{"taxonomy":"category","embeddable":true,"href":"https:\/\/www.messinaoggi.it\/website\/wp-json\/wp\/v2\/categories?post=105481"},{"taxonomy":"post_tag","embeddable":true,"href":"https:\/\/www.messinaoggi.it\/website\/wp-json\/wp\/v2\/tags?post=105481"}],"curies":[{"name":"wp","href":"https:\/\/api.w.org\/{rel}","templated":true}]}}