{"id":10537,"date":"2017-10-29T06:29:52","date_gmt":"2017-10-29T05:29:52","guid":{"rendered":"http:\/\/www.messinaoggi.it\/website\/?p=10537"},"modified":"2017-10-29T06:29:52","modified_gmt":"2017-10-29T05:29:52","slug":"genovese-porto-un-cognome-pesante-ma-credetemi-lavorero-il-doppio-per-la-mia-regione","status":"publish","type":"post","link":"https:\/\/www.messinaoggi.it\/website\/2017\/10\/29\/genovese-porto-un-cognome-pesante-ma-credetemi-lavorero-il-doppio-per-la-mia-regione\/","title":{"rendered":"Genovese: &quot;Porto un cognome pesante, ma credetemi lavorer\u00f2 il doppio per la mia Regione&quot;"},"content":{"rendered":"<p><strong>Tra gli aspiranti deputati regionali Luigi Genovese non \u00e8 solo il pi\u00f9 giovane, \u00e8 anche quello che ha attirato molta attenzione. Qualcuno sostiene che si parli pi\u00f9 di lei che dei candidati alla presidenza.<\/strong><br \/>\n\u201c<em>La mia una candidatura ha fatto discutere sin dall\u2019inizio. La componente anagrafica, connessa alla \u2018pesantezza\u2019, come dicono, del mio cognome, si \u00e8 rivelata decisiva. Entrambi i fattori, per\u00f2, sono ampiamente discutibili\u201d.<\/em><br \/>\n<strong>Ci spieghi meglio<\/strong><br \/>\n<em>\u201cAll\u2019Ars nella legislatura iniziata nel 2007 c\u2019era un solo deputato under 30. Nell\u2019ultima Assemblea regionale, solo il 3% su 90 deputati aveva meno di 30 anni. Lo scenario non ha bisogno di ulteriori delucidazioni: i giovani sono stati tagliati fuori dalla dimensione della politica attiva. E credo fermamente che solo un giovane possa rappresentare in concreto le istanze, i disagi, i dubbi e le idee dei giovani. Chi doveva farlo in passato, ha fallito. Adesso bisogna passare dalla retorica ai fatti: la mia candidatura va in questa direzione. E la proposta di istituire i consigli comunali dei giovani, di cui mi far\u00f2 eventualmente promotore, \u00e8 un modo per riavvicinare la politica alle nuove generazioni, un mezzo per formare le classi dirigenti del futuro\u201d<\/em>.<br \/>\n<strong>E il peso del cognome?<\/strong><br \/>\n<em>\u201cUn punto di forza o di debolezza: dipende dalla prospettiva dalla quale si osserva la questione. Per me \u00e8 un doppio incentivo. Intanto perch\u00e9 sar\u00f2 costretto a raddoppiare i miei sforzi, per convincere i detrattori che ogni individuo debba essere giudicato per ci\u00f2 che riesce a dare in termini di contributo fattivo e non attraverso il filtro del pregiudizio o per il cognome che porta. Cognome che, si badi bene, per me \u00e8 esclusivamente motivo d\u2019orgoglio. Altro aspetto: la tradizione politica, al netto di come la si pensi, \u00e8 un processo evolutivo che muta di generazione in generazione. Io, a prescindere dal cognome, rappresento una generazione che vive appieno la digitalizzazione, il web, l\u2019avanzare tecnologico, il sentimento della necessaria trasparenza nel rapporto tra pubblica amministrazione e cittadini. E poi altri argomenti, ai quali i giovani sono particolarmente sensibili: lavoro, infrastrutture, ambiente, sburocratizzazione, disintermediazione dei processi di comunicazione, integrazione reale della Sicilia all\u2019interno del circuito comunitario europeo\u201d.<\/em><br \/>\n<strong>A proposito di Europa: l\u2019europarlamentare grillino, Ignazio Corrao, nei giorni scorsi ha scritto un post diventato virale. In sostanza ritiene \u201cterribile\u201d che Luigi Genovese parli di fondi strutturali.<\/strong><br \/>\n<em>\u201cL\u2019europarlamentare Corrao, che sinceramente non avevo idea di chi fosse prima di leggere il post incriminato, ha semplicemente vestito di moralismo quelli che in realt\u00e0 sono beceri mezzucci funzionali, nelle sue intenzioni, a rosicchiare un po\u2019 di consenso: accusa me e strizza l\u2019occhio a Cancelleri. Ha fatto lezioni di morale al \u201cpargoletto\u201d Luigi Genovese, ma in realt\u00e0 ha semplicemente tentato di mettere pressione su Nello Musumeci: il prossimo presidente della regione siciliana, purtroppo per Cancelleri\u201d.<\/em><br \/>\n<strong>Cosa non la convince di quel post?<\/strong><br \/>\n<em>\u201cIntanto tutta una serie di concetti snocciolati per alimentare idee deliranti, tra cui le cifre che la mia famiglia avrebbe sottratto \u201cai giovani siciliani\u201d, totalmente infondate. E poi quel passaggio in cui sostiene che la mia campagna elettorale sia stata finanziata con i fondi \u201csottratti\u201d all\u2019Unione Europea: un\u2019affermazione che si commenta da sola, di cui dovr\u00e0 rispondere pi\u00f9 avanti nelle sedi opportune\u201d.<\/em><br \/>\n<strong>\u00a0<\/strong><strong>Altro?<\/strong><br \/>\n<em>\u201cQuel messaggio, pi\u00f9 volte ribadito e assolutamente risibile: e cio\u00e8 che io non possa permettermi di parlare di fondi strutturali europei per le note vicende giudiziarie \u2013 ancora ferme al primo step del fisiologico iter processuale &#8211; che hanno riguardato la mia famiglia. Il concetto \u00e8 di per s\u00e9 ridicolo. \u00c8 come se, per fare un esempio, si affermasse che il figlio di Beppe Grillo &#8211; il suo capo &#8211; non abbia il diritto di parlare pubblicamente di misure di sicurezza stradale o di incidenti veicolari per il fatto che Grillo abbia subito una condanna, tra l\u2019altro definitiva, per omicidio plurimo. Le sembrerebbe normale?\u201d<\/em><br \/>\n<strong>Eppure quel post ha scatenato una valanga di commenti. Anzi: una caterva di insulti.<\/strong><br \/>\n<em>\u201cGuardi, come ho gi\u00e0 detto qualche giorno addietro a un suo collega, in questo caso \u00e8 bene rispolverare una delle massime di Francis Bacon: \u201cL\u2019intelletto umano, una volta adattato a certe opinioni, trascina tutto il resto ad appoggiarle o a confermarle\u201d. \u00c8 quello che, per certi versi, sta avvenendo in questa campagna elettorale. Io non ho nulla da rimproverare a chi viene strumentalizzato, a chi mi insulta. I colpevoli, semmai, sono coloro che seminano odio sociale, quelli che tentano miseramente di guadagnare consenso screditando l\u2019avversario politico e alimentando la rabbia. Questa gente fa leva sul difficile momento storico che sta attraversando la nostra regione e sulla sfiducia della gente. \u00c8 davvero triste\u201d.<\/em><br \/>\n<strong>Corrao l\u2019ha anche invitata a valutare la possibilit\u00e0 di fare un passo indietro. Ci ha mai pensato in queste settimane?<\/strong><br \/>\n<em>\u201cForse a qualcuno piacerebbe. \u00c8 un pensiero che, per\u00f2, non mi ha mai sfiorato. La passione per la politica \u00e8 un motore che in me si alimenta giorno per giorno, altrimenti non avrei retto nemmeno per qualche ora tutta questa pressione. Sapevo a cosa sarei andato incontro. Lo sapevo perfettamente. Ma ricevo ogni giorni molti attestati di stima e messaggi di incoraggiamento, soprattutto dai giovani. Input positivi. Tra questi c\u2019\u00e8 anche il post di Corrao\u201d.<\/em><br \/>\n<strong>\u00c8 una battuta?<\/strong><br \/>\n<em>\u201cAssolutamente no. Appena ho letto la sostanza delle sue argomentazioni, ho ancora una volta compreso quanto sia dannosa l\u2019approssimazione, quanto l\u2019antipolitica, generata dalla mala politica, debba essere prima arginata e poi debellata. Adesso \u00e8 necessario indirizzarci verso un nuovo livello: la politica della seriet\u00e0 e della competenza. A prescindere dalla mia candidatura e da cosa succeder\u00e0 il 5 novembre\u201d.<\/em><div id=\"div-gpt-ad-Messinaoggi.it-DSK-300x250-corpoart\" style=\"text-align:center;margin:0 auto;\"><\/div><\/p>\n<div id=\"videoincontent\" style=\"clear:both\";><\/div>","protected":false},"excerpt":{"rendered":"<p>Tra gli aspiranti deputati regionali Luigi Genovese non \u00e8 solo il pi\u00f9 giovane, \u00e8 anche quello che ha attirato molta attenzione. Qualcuno sostiene che si parli pi\u00f9 di lei che dei candidati alla presidenza. \u201cLa mia una candidatura ha fatto discutere sin dall\u2019inizio. La componente anagrafica, connessa alla \u2018pesantezza\u2019, come dicono, del mio cognome, si [&hellip;]<\/p>\n","protected":false},"author":2,"featured_media":8210,"comment_status":"closed","ping_status":"open","sticky":false,"template":"","format":"standard","meta":{"ub_ctt_via":"","_mi_skip_tracking":false},"categories":[19],"tags":[],"featured_image_src":"https:\/\/www.messinaoggi.it\/website\/wp-content\/uploads\/2017\/09\/L-genovese-palaculturaRRP_7439-2.jpg","author_info":{"display_name":"Redazione","author_link":"https:\/\/www.messinaoggi.it\/website\/author\/redazione\/"},"digistream_id":0,"digistream":false,"_links":{"self":[{"href":"https:\/\/www.messinaoggi.it\/website\/wp-json\/wp\/v2\/posts\/10537"}],"collection":[{"href":"https:\/\/www.messinaoggi.it\/website\/wp-json\/wp\/v2\/posts"}],"about":[{"href":"https:\/\/www.messinaoggi.it\/website\/wp-json\/wp\/v2\/types\/post"}],"author":[{"embeddable":true,"href":"https:\/\/www.messinaoggi.it\/website\/wp-json\/wp\/v2\/users\/2"}],"replies":[{"embeddable":true,"href":"https:\/\/www.messinaoggi.it\/website\/wp-json\/wp\/v2\/comments?post=10537"}],"version-history":[{"count":0,"href":"https:\/\/www.messinaoggi.it\/website\/wp-json\/wp\/v2\/posts\/10537\/revisions"}],"wp:featuredmedia":[{"embeddable":true,"href":"https:\/\/www.messinaoggi.it\/website\/wp-json\/wp\/v2\/media\/8210"}],"wp:attachment":[{"href":"https:\/\/www.messinaoggi.it\/website\/wp-json\/wp\/v2\/media?parent=10537"}],"wp:term":[{"taxonomy":"category","embeddable":true,"href":"https:\/\/www.messinaoggi.it\/website\/wp-json\/wp\/v2\/categories?post=10537"},{"taxonomy":"post_tag","embeddable":true,"href":"https:\/\/www.messinaoggi.it\/website\/wp-json\/wp\/v2\/tags?post=10537"}],"curies":[{"name":"wp","href":"https:\/\/api.w.org\/{rel}","templated":true}]}}